{"id":336001,"date":"2023-02-21T08:32:41","date_gmt":"2023-02-21T14:32:41","guid":{"rendered":"https:\/\/sintesis.com.mx\/puebla\/?p=336001"},"modified":"2023-02-21T08:32:41","modified_gmt":"2023-02-21T14:32:41","slug":"procesion-del-viernes-santo","status":"publish","type":"post","link":"https:\/\/sintesis.com.mx\/puebla\/2023\/02\/21\/procesion-del-viernes-santo\/","title":{"rendered":"La Procesi\u00f3n del Viernes Santo, es la m\u00e1s grande del pa\u00eds"},"content":{"rendered":"<p>El Arzobispo de Puebla, <strong>V\u00edctor S\u00e1nchez Espinosa<\/strong>, inform\u00f3 que la Procesi\u00f3n del Viernes Santo es la m\u00e1s grande de todo el pa\u00eds y por ello se espera que este a\u00f1o lleguen a la entidad poblana m\u00e1s de 100 mil personas.<\/p>\n<p>Asimismo dijo en conferencia de prensa de forma conjunta con el rector de la Upaep, Emilio Ba\u00f1os y el alcalde <a href=\"https:\/\/twitter.com\/eduardorivera01\"><strong>Eduardo Rivera<\/strong><\/a> que todo est\u00e1 listo para este evento que se llevar\u00e1 a cabo, el pr\u00f3ximo 7 de abril.<\/p>\n<p>Monse\u00f1or afirm\u00f3 que las im\u00e1genes m\u00e1s veneradas por las y los cat\u00f3licos estar\u00e1n recorriendo las calles del Centro Hist\u00f3rico son <strong>El Ni\u00f1o Doctor de Tepeaca, El Se\u00f1or de las Maravillas, el Se\u00f1or de Analco, Jes\u00fas de las Tres Ca\u00eddas, entre otras<\/strong>.<\/p>\n<p>El Representante de la Grey Cat\u00f3lica en Puebla, dijo que el Santuario del Ni\u00f1o Doctor ha rebasado el n\u00famero de feligreses y por ello este a\u00f1o se prev\u00e9 que incremente el n\u00famero de seguidores\u00a0 en el contingente de la Procesi\u00f3n del Viernes Santo.<\/p>\n<p><strong>\u00abDespu\u00e9s de la pandemia se ha desbordado la Fe de los cat\u00f3licos y se estima la asistencia de m\u00e1s de 100 mil feligreses\u00bb<\/strong>, subray\u00f3.<\/p>\n<p>En tanto que el rector de la Upaep, Emilio Ba\u00f1os, destac\u00f3 que durante 32 a\u00f1os consecutivos han participado en la Procesi\u00f3n del Viernes Santo.<\/p>\n<p>En tanto que el alcalde de Puebla, Eduardo Rivera P\u00e9rez, di\u00f3 a conocer que reforzar\u00e1n la seguridad en la ciudad de Puebla.<\/p>\n<p>En tanto que el secretario de Turismo municipal, <strong>Alejandro Ca\u00f1edo<\/strong>, inform\u00f3 que se prev\u00e9 una derrama econ\u00f3mica de 500 millones de pesos.<\/p>\n<p>Dijo que cada uno de los turistas que llegan a la ciudad de Puebla gastan en promedio 1700 pesos.<\/p>\n<p>Los estados de d\u00f3nde m\u00e1s vienes a Puebla en Procesi\u00f3n del Viernes Santo son del Valle de M\u00e9xico, Tlaxcala , Morelos y de pa\u00edses como Hungr\u00eda y\u00a0 \u00a0Polonia.<\/p>\n<p>Se espera que la imagen del<strong> Se\u00f1or de las Maravillas<\/strong> concentre a 20 mil personas al igual que la imagen del Ni\u00f1o Doctor de Tepeaca.<\/p>\n","protected":false},"excerpt":{"rendered":"<p>El Arzobispo de Puebla, V\u00edctor S\u00e1nchez Espinosa, inform\u00f3 que la Procesi\u00f3n del Viernes Santo es la m\u00e1s grande de todo el pa\u00eds y por ello se espera que este a\u00f1o lleguen a la entidad poblana m\u00e1s de 100 mil personas. Asimismo dijo en conferencia de prensa de forma conjunta con el rector de la Upaep, [&hellip;]<\/p>\n","protected":false},"author":26,"featured_media":336011,"comment_status":"open","ping_status":"open","sticky":false,"template":"","format":"standard","meta":{"footnotes":""},"categories":[83121,72263,8,3,11],"tags":[41,27,8254,23,20668,40526],"yst_prominent_words":[29764,55486,45237,33844,33198,66969,35903,36699,36697,29562,33842,33239,44721,33853,33850,31531,35900],"class_list":["post-336001","post","type-post","status-publish","format-standard","has-post-thumbnail","hentry","category-ayuntamiento","category-capital","category-hoyesnoticia","category-puebla","category-slide","tag-es-noticia","tag-hoyesnoticia","tag-hoyesnoticiaapp","tag-slide","tag-slider","tag-sliderapp"],"_links":{"self":[{"href":"https:\/\/sintesis.com.mx\/puebla\/wp-json\/wp\/v2\/posts\/336001"}],"collection":[{"href":"https:\/\/sintesis.com.mx\/puebla\/wp-json\/wp\/v2\/posts"}],"about":[{"href":"https:\/\/sintesis.com.mx\/puebla\/wp-json\/wp\/v2\/types\/post"}],"author":[{"embeddable":true,"href":"https:\/\/sintesis.com.mx\/puebla\/wp-json\/wp\/v2\/users\/26"}],"replies":[{"embeddable":true,"href":"https:\/\/sintesis.com.mx\/puebla\/wp-json\/wp\/v2\/comments?post=336001"}],"version-history":[{"count":0,"href":"https:\/\/sintesis.com.mx\/puebla\/wp-json\/wp\/v2\/posts\/336001\/revisions"}],"wp:featuredmedia":[{"embeddable":true,"href":"https:\/\/sintesis.com.mx\/puebla\/wp-json\/wp\/v2\/media\/336011"}],"wp:attachment":[{"href":"https:\/\/sintesis.com.mx\/puebla\/wp-json\/wp\/v2\/media?parent=336001"}],"wp:term":[{"taxonomy":"category","embeddable":true,"href":"https:\/\/sintesis.com.mx\/puebla\/wp-json\/wp\/v2\/categories?post=336001"},{"taxonomy":"post_tag","embeddable":true,"href":"https:\/\/sintesis.com.mx\/puebla\/wp-json\/wp\/v2\/tags?post=336001"},{"taxonomy":"yst_prominent_words","embeddable":true,"href":"https:\/\/sintesis.com.mx\/puebla\/wp-json\/wp\/v2\/yst_prominent_words?post=336001"}],"curies":[{"name":"wp","href":"https:\/\/api.w.org\/{rel}","templated":true}]}}