{"id":339140,"date":"2023-03-09T20:42:26","date_gmt":"2023-03-10T02:42:26","guid":{"rendered":"https:\/\/sintesis.com.mx\/puebla\/?p=339140"},"modified":"2023-03-09T20:42:26","modified_gmt":"2023-03-10T02:42:26","slug":"mariachi-vargas-tecalitlan","status":"publish","type":"post","link":"https:\/\/sintesis.com.mx\/puebla\/2023\/03\/09\/mariachi-vargas-tecalitlan\/","title":{"rendered":"Mariachi Vargas de Tecalitl\u00e1n presentar\u00e1 su tour en Puebla"},"content":{"rendered":"<p>Este 2023 arranca oficialmente Tour Mexicano \u00abDesde la Ra\u00edz\u00bb*, donde el <strong>Mariachi Vargas de Tecalitl\u00e1n<\/strong> cantar\u00e1 al amor por sus ra\u00edces y las tradiciones mexicanas.<\/p>\n<p><span class=\"css-901oao css-16my406 r-poiln3 r-bcqeeo r-qvutc0\">En rueda de prensa, integrantes del <\/span><span class=\"css-901oao css-16my406 r-poiln3 r-b88u0q r-bcqeeo r-qvutc0\">Mariachi <\/span><span class=\"css-901oao css-16my406 r-poiln3 r-bcqeeo r-qvutc0\">anuncian su presentaci\u00f3n en el auditorio del Complejo Cultural, este s\u00e1bado 11 de marzo, a las 8:30 de la noche, como parte de su tour.<\/span><\/p>\n<p>Con ya m\u00e1s de 125 a\u00f1os de existencia, el <strong>Mariachi Vargas de Tecalitl\u00e1n<\/strong> es uno de los grupos con mayor historia en M\u00e9xico. <span class=\"css-901oao css-16my406 r-poiln3 r-bcqeeo r-qvutc0\">Continuando con la celebraci\u00f3n y promoviendo la cultura e historia de la m\u00fasica vern\u00e1cula, <\/span><span class=\"css-901oao css-16my406 r-poiln3 r-b88u0q r-bcqeeo r-qvutc0\">Mariachi Vargas <\/span><span class=\"css-901oao css-16my406 r-poiln3 r-bcqeeo r-qvutc0\">ofrecer\u00e1 una gran noche de mexicanidad.<\/span><\/p>\n<p>El espect\u00e1culo en el CCU se realizar\u00e1 este s\u00e1bado. Los boletos est\u00e1n disponibles a trav\u00e9s de Superboletos.<\/p>\n<p><strong>Los costos van desde los $560 en zona Platea hasta los $1 mil 456 en Gran Vip.<\/strong><\/p>\n<p>&nbsp;<\/p>\n","protected":false},"excerpt":{"rendered":"<p>Este 2023 arranca oficialmente Tour Mexicano \u00abDesde la Ra\u00edz\u00bb*, donde el Mariachi Vargas de Tecalitl\u00e1n cantar\u00e1 al amor por sus ra\u00edces y las tradiciones mexicanas. En rueda de prensa, integrantes del Mariachi anuncian su presentaci\u00f3n en el auditorio del Complejo Cultural, este s\u00e1bado 11 de marzo, a las 8:30 de la noche, como parte de [&hellip;]<\/p>\n","protected":false},"author":26,"featured_media":339141,"comment_status":"open","ping_status":"open","sticky":false,"template":"","format":"standard","meta":{"footnotes":""},"categories":[84591,8,3,11],"tags":[41,27,8254,23,20668,40526],"yst_prominent_words":[36373,31252,30108,31256,33618],"class_list":["post-339140","post","type-post","status-publish","format-standard","has-post-thumbnail","hentry","category-buap","category-hoyesnoticia","category-puebla","category-slide","tag-es-noticia","tag-hoyesnoticia","tag-hoyesnoticiaapp","tag-slide","tag-slider","tag-sliderapp"],"_links":{"self":[{"href":"https:\/\/sintesis.com.mx\/puebla\/wp-json\/wp\/v2\/posts\/339140"}],"collection":[{"href":"https:\/\/sintesis.com.mx\/puebla\/wp-json\/wp\/v2\/posts"}],"about":[{"href":"https:\/\/sintesis.com.mx\/puebla\/wp-json\/wp\/v2\/types\/post"}],"author":[{"embeddable":true,"href":"https:\/\/sintesis.com.mx\/puebla\/wp-json\/wp\/v2\/users\/26"}],"replies":[{"embeddable":true,"href":"https:\/\/sintesis.com.mx\/puebla\/wp-json\/wp\/v2\/comments?post=339140"}],"version-history":[{"count":0,"href":"https:\/\/sintesis.com.mx\/puebla\/wp-json\/wp\/v2\/posts\/339140\/revisions"}],"wp:featuredmedia":[{"embeddable":true,"href":"https:\/\/sintesis.com.mx\/puebla\/wp-json\/wp\/v2\/media\/339141"}],"wp:attachment":[{"href":"https:\/\/sintesis.com.mx\/puebla\/wp-json\/wp\/v2\/media?parent=339140"}],"wp:term":[{"taxonomy":"category","embeddable":true,"href":"https:\/\/sintesis.com.mx\/puebla\/wp-json\/wp\/v2\/categories?post=339140"},{"taxonomy":"post_tag","embeddable":true,"href":"https:\/\/sintesis.com.mx\/puebla\/wp-json\/wp\/v2\/tags?post=339140"},{"taxonomy":"yst_prominent_words","embeddable":true,"href":"https:\/\/sintesis.com.mx\/puebla\/wp-json\/wp\/v2\/yst_prominent_words?post=339140"}],"curies":[{"name":"wp","href":"https:\/\/api.w.org\/{rel}","templated":true}]}}