{"id":343090,"date":"2023-04-01T15:53:33","date_gmt":"2023-04-01T21:53:33","guid":{"rendered":"https:\/\/sintesis.com.mx\/puebla\/?p=343090"},"modified":"2023-04-01T16:46:22","modified_gmt":"2023-04-01T22:46:22","slug":"intensa-actividad-para","status":"publish","type":"post","link":"https:\/\/sintesis.com.mx\/puebla\/2023\/04\/01\/intensa-actividad-para\/","title":{"rendered":"Intensa actividad para la Femedees"},"content":{"rendered":"<p>La ciudad de Puebla vivir\u00e1 tres explosivos d\u00edas de actividades dentro del taekwondo como parte del proceso selectivo para integrar las selecciones de la <strong>Federaci\u00f3n Mexicana de Deporte Escolar (Femedees)<\/strong>, rumbo al Mundial con sede en M\u00e9xico y a la Gimnasiada en Brasil.<\/p>\n<p>Desde el jueves inici\u00f3 el arribo de delegaciones a la capital poblana y por la noche tuvo lugar la Asamblea Ordinaria, donde el presidente de FEMEDEES y de ISF Am\u00e9rica, Mart\u00edn S\u00e1nchez Tenorio present\u00f3 su informe de actividades, donde destac\u00f3 los logros conseguidos a nivel nacional e internacional.<\/p>\n<p><img loading=\"lazy\" decoding=\"async\" class=\"alignnone wp-image-343091 size-full\" src=\"https:\/\/sintesis.com.mx\/puebla\/wp-content\/uploads\/2023\/04\/WhatsApp-Image-2023-04-01-at-07.30.25-2.jpeg\" alt=\"\" width=\"1024\" height=\"768\" srcset=\"https:\/\/sintesis.com.mx\/puebla\/wp-content\/uploads\/2023\/04\/WhatsApp-Image-2023-04-01-at-07.30.25-2.jpeg 1024w, https:\/\/sintesis.com.mx\/puebla\/wp-content\/uploads\/2023\/04\/WhatsApp-Image-2023-04-01-at-07.30.25-2-300x225.jpeg 300w, https:\/\/sintesis.com.mx\/puebla\/wp-content\/uploads\/2023\/04\/WhatsApp-Image-2023-04-01-at-07.30.25-2-768x576.jpeg 768w, https:\/\/sintesis.com.mx\/puebla\/wp-content\/uploads\/2023\/04\/WhatsApp-Image-2023-04-01-at-07.30.25-2-80x60.jpeg 80w, https:\/\/sintesis.com.mx\/puebla\/wp-content\/uploads\/2023\/04\/WhatsApp-Image-2023-04-01-at-07.30.25-2-265x198.jpeg 265w, https:\/\/sintesis.com.mx\/puebla\/wp-content\/uploads\/2023\/04\/WhatsApp-Image-2023-04-01-at-07.30.25-2-696x522.jpeg 696w, https:\/\/sintesis.com.mx\/puebla\/wp-content\/uploads\/2023\/04\/WhatsApp-Image-2023-04-01-at-07.30.25-2-560x420.jpeg 560w\" sizes=\"(max-width: 1024px) 100vw, 1024px\" \/><\/p>\n<p>El directivo destac\u00f3 que los resultados a nivel deportivo son relevantes, con la cosecha de medallas, pero la FEMEDEES tambi\u00e9n ha trabajado en la certificaci\u00f3n de sus entrenadores y actualizaci\u00f3n, que colocan a la Federaci\u00f3n con un gran estatus.<\/p>\n<p><img loading=\"lazy\" decoding=\"async\" class=\"alignnone wp-image-343093 size-full\" src=\"https:\/\/sintesis.com.mx\/puebla\/wp-content\/uploads\/2023\/04\/WhatsApp-Image-2023-04-01-at-07.30.25.jpeg\" alt=\"\" width=\"1024\" height=\"682\" srcset=\"https:\/\/sintesis.com.mx\/puebla\/wp-content\/uploads\/2023\/04\/WhatsApp-Image-2023-04-01-at-07.30.25.jpeg 1024w, https:\/\/sintesis.com.mx\/puebla\/wp-content\/uploads\/2023\/04\/WhatsApp-Image-2023-04-01-at-07.30.25-300x200.jpeg 300w, https:\/\/sintesis.com.mx\/puebla\/wp-content\/uploads\/2023\/04\/WhatsApp-Image-2023-04-01-at-07.30.25-768x512.jpeg 768w, https:\/\/sintesis.com.mx\/puebla\/wp-content\/uploads\/2023\/04\/WhatsApp-Image-2023-04-01-at-07.30.25-696x464.jpeg 696w, https:\/\/sintesis.com.mx\/puebla\/wp-content\/uploads\/2023\/04\/WhatsApp-Image-2023-04-01-at-07.30.25-631x420.jpeg 631w\" sizes=\"(max-width: 1024px) 100vw, 1024px\" \/><\/p>\n<p>S\u00e1nchez Tenorio felicit\u00f3 a los presidentes de cada uno de los estados, por su esfuerzo para incrementar las disciplinas deportivas y los invit\u00f3 a mantener bien puesta la camiseta de <strong>FEMEDEES<\/strong>.<\/p>\n<p>Durante la Asamblea fue aprobado por unanimidad el balance financiero, realizado por un despacho externo para dar certeza al manejo de los recursos.<\/p>\n<p>Este viernes en el Gimnasio Miguel Hidalgos con la participaci\u00f3n de m\u00e1s de <strong>600 competidores<\/strong> de todos los rincones del pa\u00eds arranc\u00f3 el Selectivo Nacional de taekwondo escolar.<\/p>\n<p>El profesor Mart\u00edn S\u00e1nchez Tenorio, presidente de <strong>FEMEDEES<\/strong> acompa\u00f1ado de Yadira Lira Navarro, titular del Instituto Poblano del Deporte, inauguraron la competencia.<\/p>\n","protected":false},"excerpt":{"rendered":"<p>La ciudad de Puebla vivir\u00e1 tres explosivos d\u00edas de actividades dentro del taekwondo como parte del proceso selectivo para integrar las selecciones de la Federaci\u00f3n Mexicana de Deporte Escolar (Femedees), rumbo al Mundial con sede en M\u00e9xico y a la Gimnasiada en Brasil. Desde el jueves inici\u00f3 el arribo de delegaciones a la capital poblana [&hellip;]<\/p>\n","protected":false},"author":6,"featured_media":343092,"comment_status":"open","ping_status":"open","sticky":false,"template":"","format":"standard","meta":{"footnotes":""},"categories":[4],"tags":[41,27,8254,9441,18,2121],"yst_prominent_words":[30064,30025,30415,35390,33512,30404,30023,31751,30887,29574,35174,33080,33078,35178],"class_list":["post-343090","post","type-post","status-publish","format-standard","has-post-thumbnail","hentry","category-deportes","tag-es-noticia","tag-hoyesnoticia","tag-hoyesnoticiaapp","tag-martin-sanchez-tenorio","tag-puebla","tag-taekwondo"],"_links":{"self":[{"href":"https:\/\/sintesis.com.mx\/puebla\/wp-json\/wp\/v2\/posts\/343090"}],"collection":[{"href":"https:\/\/sintesis.com.mx\/puebla\/wp-json\/wp\/v2\/posts"}],"about":[{"href":"https:\/\/sintesis.com.mx\/puebla\/wp-json\/wp\/v2\/types\/post"}],"author":[{"embeddable":true,"href":"https:\/\/sintesis.com.mx\/puebla\/wp-json\/wp\/v2\/users\/6"}],"replies":[{"embeddable":true,"href":"https:\/\/sintesis.com.mx\/puebla\/wp-json\/wp\/v2\/comments?post=343090"}],"version-history":[{"count":0,"href":"https:\/\/sintesis.com.mx\/puebla\/wp-json\/wp\/v2\/posts\/343090\/revisions"}],"wp:featuredmedia":[{"embeddable":true,"href":"https:\/\/sintesis.com.mx\/puebla\/wp-json\/wp\/v2\/media\/343092"}],"wp:attachment":[{"href":"https:\/\/sintesis.com.mx\/puebla\/wp-json\/wp\/v2\/media?parent=343090"}],"wp:term":[{"taxonomy":"category","embeddable":true,"href":"https:\/\/sintesis.com.mx\/puebla\/wp-json\/wp\/v2\/categories?post=343090"},{"taxonomy":"post_tag","embeddable":true,"href":"https:\/\/sintesis.com.mx\/puebla\/wp-json\/wp\/v2\/tags?post=343090"},{"taxonomy":"yst_prominent_words","embeddable":true,"href":"https:\/\/sintesis.com.mx\/puebla\/wp-json\/wp\/v2\/yst_prominent_words?post=343090"}],"curies":[{"name":"wp","href":"https:\/\/api.w.org\/{rel}","templated":true}]}}