{"id":343098,"date":"2023-04-02T09:58:55","date_gmt":"2023-04-02T15:58:55","guid":{"rendered":"https:\/\/sintesis.com.mx\/puebla\/?p=343098"},"modified":"2023-04-02T09:59:04","modified_gmt":"2023-04-02T15:59:04","slug":"eduardo-alcantara-impugnara","status":"publish","type":"post","link":"https:\/\/sintesis.com.mx\/puebla\/2023\/04\/02\/eduardo-alcantara-impugnara\/","title":{"rendered":"Eduardo Alc\u00e1ntara impugnar\u00e1 sanci\u00f3n ante Sala Superior"},"content":{"rendered":"<p>&nbsp;<\/p>\n<p>Alma Liliana Vel\u00e1zquez\/ S\u00edntesis<\/p>\n<p>El legislador poblano <strong>Eduardo Alc\u00e1ntara Montiel acudir\u00e1 a la Sala Superior del Tribunal<\/strong> Electoral del Poder Judicial de la Federaci\u00f3n para promover un recurso de defensa al ser encontrado culpable de violencia pol\u00edtica de g\u00e9nero en contra de Erika de la Vega, quien buscaba ser la candidata del Partido Acci\u00f3n Nacional en el 2021 para San Pedro Cholula.<\/p>\n<p>En entrevista, destac\u00f3 que esta denuncia se esta fundamentando en dichos y no en hechos, por lo que estar\u00e1 realizando el tr\u00e1mite correspondiente, puesto que la sanci\u00f3n aun no se encuentra firme.<\/p>\n<p>Coment\u00f3 que el Tribunal Electoral de Puebla fall\u00f3 en un primer momento a su favor porque no se acreditaba la violencia pol\u00edtica de g\u00e9nero y en una segunda instancia se dict\u00f3 una sentencia contraria, \u201cno es una sanci\u00f3n definitiva esta la instancia de sala superior\u00a0 y estaremos presentando el recurso en d\u00edas pr\u00f3ximos\u201d.<\/p>\n<p>Destac\u00f3 que no existen elementos probatorios y s\u00f3lo los dichos de Erika de la Vega, que en el 2021 denunci\u00f3 al panista por exigirle cierta cantidad para ser la candidata y sufri\u00f3 acoso sexual, \u201cestar\u00e9 haciendo valer mi derecho\u201d.<\/p>\n<blockquote class=\"twitter-tweet\" data-width=\"550\" data-dnt=\"true\">\n<p lang=\"es\" dir=\"ltr\"><a href=\"https:\/\/twitter.com\/hashtag\/Avance?src=hash&amp;ref_src=twsrc%5Etfw\">#Avance<\/a>\ud83d\udcf9 | El legislador <a href=\"https:\/\/twitter.com\/AlcantaraEdu1?ref_src=twsrc%5Etfw\">@AlcantaraEdu1<\/a> se\u00f1al\u00f3 que acudir\u00e1 a la Sala Superior para promover recurso de defensa al ser encontrado culpable de violencia pol\u00edtica de g\u00e9nero<a href=\"https:\/\/twitter.com\/reporpue11?ref_src=twsrc%5Etfw\">@reporpue11<\/a> <a href=\"https:\/\/t.co\/0wMESquhv8\">pic.twitter.com\/0wMESquhv8<\/a><\/p>\n<p>&mdash; S\u00edntesis Puebla (@sintesisweb) <a href=\"https:\/\/twitter.com\/sintesisweb\/status\/1642270614214803456?ref_src=twsrc%5Etfw\">April 1, 2023<\/a><\/p><\/blockquote>\n<p><script async src=\"https:\/\/platform.twitter.com\/widgets.js\" charset=\"utf-8\"><\/script><\/p>\n","protected":false},"excerpt":{"rendered":"<p>&nbsp; Alma Liliana Vel\u00e1zquez\/ S\u00edntesis El legislador poblano Eduardo Alc\u00e1ntara Montiel acudir\u00e1 a la Sala Superior del Tribunal Electoral del Poder Judicial de la Federaci\u00f3n para promover un recurso de defensa al ser encontrado culpable de violencia pol\u00edtica de g\u00e9nero en contra de Erika de la Vega, quien buscaba ser la candidata del Partido Acci\u00f3n [&hellip;]<\/p>\n","protected":false},"author":6,"featured_media":0,"comment_status":"open","ping_status":"open","sticky":false,"template":"","format":"standard","meta":{"footnotes":""},"categories":[12,8,9],"tags":[26925,18,437,610],"yst_prominent_words":[33497,30415,33288,60414,29668,32566,33283,32449,35889,32895,34553,34545,42819,31782,33285,33281],"class_list":["post-343098","post","type-post","status-publish","format-standard","hentry","category-cholula","category-hoyesnoticia","category-municipios","tag-eduardo-alcantara-montiel","tag-puebla","tag-san-pedro-cholula","tag-violencia-politica-de-genero"],"_links":{"self":[{"href":"https:\/\/sintesis.com.mx\/puebla\/wp-json\/wp\/v2\/posts\/343098"}],"collection":[{"href":"https:\/\/sintesis.com.mx\/puebla\/wp-json\/wp\/v2\/posts"}],"about":[{"href":"https:\/\/sintesis.com.mx\/puebla\/wp-json\/wp\/v2\/types\/post"}],"author":[{"embeddable":true,"href":"https:\/\/sintesis.com.mx\/puebla\/wp-json\/wp\/v2\/users\/6"}],"replies":[{"embeddable":true,"href":"https:\/\/sintesis.com.mx\/puebla\/wp-json\/wp\/v2\/comments?post=343098"}],"version-history":[{"count":0,"href":"https:\/\/sintesis.com.mx\/puebla\/wp-json\/wp\/v2\/posts\/343098\/revisions"}],"wp:attachment":[{"href":"https:\/\/sintesis.com.mx\/puebla\/wp-json\/wp\/v2\/media?parent=343098"}],"wp:term":[{"taxonomy":"category","embeddable":true,"href":"https:\/\/sintesis.com.mx\/puebla\/wp-json\/wp\/v2\/categories?post=343098"},{"taxonomy":"post_tag","embeddable":true,"href":"https:\/\/sintesis.com.mx\/puebla\/wp-json\/wp\/v2\/tags?post=343098"},{"taxonomy":"yst_prominent_words","embeddable":true,"href":"https:\/\/sintesis.com.mx\/puebla\/wp-json\/wp\/v2\/yst_prominent_words?post=343098"}],"curies":[{"name":"wp","href":"https:\/\/api.w.org\/{rel}","templated":true}]}}