{"id":344925,"date":"2023-04-13T17:13:10","date_gmt":"2023-04-13T23:13:10","guid":{"rendered":"https:\/\/sintesis.com.mx\/puebla\/?p=344925"},"modified":"2023-04-13T17:13:10","modified_gmt":"2023-04-13T23:13:10","slug":"cce-alumnos-anahuac-puebla","status":"publish","type":"post","link":"https:\/\/sintesis.com.mx\/puebla\/2023\/04\/13\/cce-alumnos-anahuac-puebla\/","title":{"rendered":"Presidente del CCE comparte con alumnos del Programa de Liderazgo Empresarial de la An\u00e1huac Puebla"},"content":{"rendered":"<p>En el marco de la celebraci\u00f3n de los 20 a\u00f1os de la Universidad An\u00e1huac Puebla, el Programa de Liderazgo Empresarial<strong> \u201cGenera\u201d<\/strong> recibi\u00f3 al Ing. H\u00e9ctor Alberto S\u00e1nchez Morales, presidente del Consejo Coordinador Empresarial de Puebla en un desayuno con los alumnos miembros del Programa.<\/p>\n<p>H\u00e9ctor S\u00e1nchez, comparti\u00f3 con los miembros de Genera, herramientas y consejos basados en su experiencia y trayectoria, as\u00ed como la importancia de los j\u00f3venes en el \u00e1mbito empresarial para aportar ideas que generen cambios positivos en la sociedad.<\/p>\n<p><strong>\u201cSer empresario implica tener valent\u00eda para enfrentar obst\u00e1culos y tomar decisiones dif\u00edciles, ser innovador y liderar con el ejemplo, lo que requiere perseverancia, paciencia y resiliencia. Ser empresario es una aventura emocionante, pero tambi\u00e9n puede ser una monta\u00f1a rusa emocional. El cambio empieza en uno mismo para poder ir por todas las metas que uno se proponga\u201d,<\/strong> puntualiz\u00f3.<\/p>\n<p>De igual forma, destac\u00f3 la importancia de la responsabilidad social en el sector empresarial, abriendo paso a que los alumnos de la Universidad An\u00e1huac Puebla tengan la oportunidad de participar en las distintas C\u00e1maras y Organismos Empresariales de Puebla, con el objetivo de aportar ideas y llevar a cabo proyectos de innovaci\u00f3n que generen un cambio.<\/p>\n<p>Cabe resaltar que el Programa de Liderazgo Empresarial a trav\u00e9s de sus actividades realiza encuentros con l\u00edderes que impactan el entorno, que buscan y generan un cambio positivo en la sociedad, as\u00ed como promover la responsabilidad del l\u00edder en la empresa y en la sociedad.<\/p>\n<p>En la reuni\u00f3n, se cont\u00f3 con la presencia de la Mtra. Mariana Carrillo Carbajal, directora de Vida Universitaria y Formaci\u00f3n Integral, la Mtra. Juliette Kan\u00e1n Yitani, directora de Vinculaci\u00f3n, el Mtro. Luis \u00c1ngel Navarro, coordinador de los Programas de Liderazgo y Excelencia, la Lic. Luz Espinosa, coordinadora del Programa de Liderazgo Empresarial Genera y V\u00edctor Daniel Ortega, presidente de Comit\u00e9 Genera y alumnos integrantes de Genera.<\/p>\n<p><strong>La An\u00e1huac Puebla busca a trav\u00e9s de estos espacios, el acercamiento con l\u00edderes que inspiren y gu\u00eden a las nuevas generaciones a ejercer su liderazgo como j\u00f3venes comprometidos con la sociedad y el crecimiento econ\u00f3mico poblano.<\/strong><\/p>\n\r\n                <style type=\"text\/css\">\r\n                    \r\n                    #td_uid_1_69f4a091b8f6a  .td-doubleSlider-2 .td-item1 {\r\n                        background: url(https:\/\/sintesis.com.mx\/puebla\/wp-content\/uploads\/2023\/04\/GENERA-1-80x60.jpg) 0 0 no-repeat;\r\n                    }\r\n                    #td_uid_1_69f4a091b8f6a  .td-doubleSlider-2 .td-item2 {\r\n                        background: url(https:\/\/sintesis.com.mx\/puebla\/wp-content\/uploads\/2023\/04\/GENERA-2-80x60.jpg) 0 0 no-repeat;\r\n                    }\r\n                    #td_uid_1_69f4a091b8f6a  .td-doubleSlider-2 .td-item3 {\r\n                        background: url(https:\/\/sintesis.com.mx\/puebla\/wp-content\/uploads\/2023\/04\/GENERA-3-80x60.jpg) 0 0 no-repeat;\r\n                    }\r\n                    #td_uid_1_69f4a091b8f6a  .td-doubleSlider-2 .td-item4 {\r\n                        background: url(https:\/\/sintesis.com.mx\/puebla\/wp-content\/uploads\/2023\/04\/GENERA-4-80x60.jpg) 0 0 no-repeat;\r\n                    }\r\n                    #td_uid_1_69f4a091b8f6a  .td-doubleSlider-2 .td-item5 {\r\n                        background: url(https:\/\/sintesis.com.mx\/puebla\/wp-content\/uploads\/2023\/04\/GENERA-5-80x60.jpg) 0 0 no-repeat;\r\n                    }\r\n                <\/style>\r\n\r\n                <div id=\"td_uid_1_69f4a091b8f6a\" class=\"td-slide-on-2-columns\">\r\n                    <div class=\"post_td_gallery\">\r\n                        <div class=\"td-gallery-slide-top\">\r\n                           <div class=\"td-gallery-title\"><\/div>\r\n\r\n                            <div class=\"td-gallery-controls-wrapper\">\r\n                                <div class=\"td-gallery-slide-count\"><span class=\"td-gallery-slide-item-focus\">1<\/span> of 5<\/div>\r\n                                <div class=\"td-gallery-slide-prev-next-but\">\r\n                                    <i class = \"td-icon-left doubleSliderPrevButton\"><\/i>\r\n                                    <i class = \"td-icon-right doubleSliderNextButton\"><\/i>\r\n                                <\/div>\r\n                            <\/div>\r\n                        <\/div>\r\n\r\n                        <div class = \"td-doubleSlider-1 \">\r\n                            <div class = \"td-slider\">\r\n                                \r\n                    <div class = \"td-slide-item td-item1\">\r\n                        <figure class=\"td-slide-galery-figure td-slide-popup-gallery\">\r\n                            <a class=\"slide-gallery-image-link\" href=\"https:\/\/sintesis.com.mx\/puebla\/wp-content\/uploads\/2023\/04\/GENERA-1.jpg\" title=\"GENERA 1\"  data-caption=\"\"  data-description=\"\">\r\n                                <img decoding=\"async\" src=\"https:\/\/sintesis.com.mx\/puebla\/wp-content\/uploads\/2023\/04\/GENERA-1-747x420.jpg\" srcset=\"https:\/\/sintesis.com.mx\/puebla\/wp-content\/uploads\/2023\/04\/GENERA-1-747x420.jpg 747w, https:\/\/sintesis.com.mx\/puebla\/wp-content\/uploads\/2023\/04\/GENERA-1-300x169.jpg 300w, https:\/\/sintesis.com.mx\/puebla\/wp-content\/uploads\/2023\/04\/GENERA-1-1024x576.jpg 1024w, https:\/\/sintesis.com.mx\/puebla\/wp-content\/uploads\/2023\/04\/GENERA-1-768x432.jpg 768w, https:\/\/sintesis.com.mx\/puebla\/wp-content\/uploads\/2023\/04\/GENERA-1-696x392.jpg 696w, https:\/\/sintesis.com.mx\/puebla\/wp-content\/uploads\/2023\/04\/GENERA-1-1068x601.jpg 1068w, https:\/\/sintesis.com.mx\/puebla\/wp-content\/uploads\/2023\/04\/GENERA-1.jpg 1280w\" sizes=\"(max-width: 747px) 100vw, 747px\" alt=\"\">\r\n                            <\/a>\r\n                            \r\n                        <\/figure>\r\n                    <\/div>\r\n                    <div class = \"td-slide-item td-item2\">\r\n                        <figure class=\"td-slide-galery-figure td-slide-popup-gallery\">\r\n                            <a class=\"slide-gallery-image-link\" href=\"https:\/\/sintesis.com.mx\/puebla\/wp-content\/uploads\/2023\/04\/GENERA-2.jpg\" title=\"GENERA 2\"  data-caption=\"\"  data-description=\"\">\r\n                                <img decoding=\"async\" src=\"https:\/\/sintesis.com.mx\/puebla\/wp-content\/uploads\/2023\/04\/GENERA-2-631x420.jpg\" srcset=\"https:\/\/sintesis.com.mx\/puebla\/wp-content\/uploads\/2023\/04\/GENERA-2-631x420.jpg 631w, https:\/\/sintesis.com.mx\/puebla\/wp-content\/uploads\/2023\/04\/GENERA-2-300x200.jpg 300w, https:\/\/sintesis.com.mx\/puebla\/wp-content\/uploads\/2023\/04\/GENERA-2-1024x681.jpg 1024w, https:\/\/sintesis.com.mx\/puebla\/wp-content\/uploads\/2023\/04\/GENERA-2-768x511.jpg 768w, https:\/\/sintesis.com.mx\/puebla\/wp-content\/uploads\/2023\/04\/GENERA-2-696x463.jpg 696w, https:\/\/sintesis.com.mx\/puebla\/wp-content\/uploads\/2023\/04\/GENERA-2-1068x711.jpg 1068w, https:\/\/sintesis.com.mx\/puebla\/wp-content\/uploads\/2023\/04\/GENERA-2.jpg 1082w\" sizes=\"(max-width: 631px) 100vw, 631px\" alt=\"\">\r\n                            <\/a>\r\n                            \r\n                        <\/figure>\r\n                    <\/div>\r\n                    <div class = \"td-slide-item td-item3\">\r\n                        <figure class=\"td-slide-galery-figure td-slide-popup-gallery\">\r\n                            <a class=\"slide-gallery-image-link\" href=\"https:\/\/sintesis.com.mx\/puebla\/wp-content\/uploads\/2023\/04\/GENERA-3.jpg\" title=\"GENERA 3\"  data-caption=\"\"  data-description=\"\">\r\n                                <img decoding=\"async\" src=\"https:\/\/sintesis.com.mx\/puebla\/wp-content\/uploads\/2023\/04\/GENERA-3-693x420.jpg\" srcset=\"https:\/\/sintesis.com.mx\/puebla\/wp-content\/uploads\/2023\/04\/GENERA-3-693x420.jpg 693w, https:\/\/sintesis.com.mx\/puebla\/wp-content\/uploads\/2023\/04\/GENERA-3-300x182.jpg 300w, https:\/\/sintesis.com.mx\/puebla\/wp-content\/uploads\/2023\/04\/GENERA-3-768x465.jpg 768w, https:\/\/sintesis.com.mx\/puebla\/wp-content\/uploads\/2023\/04\/GENERA-3-696x422.jpg 696w, https:\/\/sintesis.com.mx\/puebla\/wp-content\/uploads\/2023\/04\/GENERA-3.jpg 903w\" sizes=\"(max-width: 693px) 100vw, 693px\" alt=\"\">\r\n                            <\/a>\r\n                            \r\n                        <\/figure>\r\n                    <\/div>\r\n                    <div class = \"td-slide-item td-item4\">\r\n                        <figure class=\"td-slide-galery-figure td-slide-popup-gallery\">\r\n                            <a class=\"slide-gallery-image-link\" href=\"https:\/\/sintesis.com.mx\/puebla\/wp-content\/uploads\/2023\/04\/GENERA-4.jpg\" title=\"GENERA 4\"  data-caption=\"\"  data-description=\"\">\r\n                                <img decoding=\"async\" src=\"https:\/\/sintesis.com.mx\/puebla\/wp-content\/uploads\/2023\/04\/GENERA-4-722x420.jpg\" srcset=\"https:\/\/sintesis.com.mx\/puebla\/wp-content\/uploads\/2023\/04\/GENERA-4-722x420.jpg 722w, https:\/\/sintesis.com.mx\/puebla\/wp-content\/uploads\/2023\/04\/GENERA-4-300x174.jpg 300w, https:\/\/sintesis.com.mx\/puebla\/wp-content\/uploads\/2023\/04\/GENERA-4-1024x595.jpg 1024w, https:\/\/sintesis.com.mx\/puebla\/wp-content\/uploads\/2023\/04\/GENERA-4-768x447.jpg 768w, https:\/\/sintesis.com.mx\/puebla\/wp-content\/uploads\/2023\/04\/GENERA-4-696x405.jpg 696w, https:\/\/sintesis.com.mx\/puebla\/wp-content\/uploads\/2023\/04\/GENERA-4-1068x621.jpg 1068w, https:\/\/sintesis.com.mx\/puebla\/wp-content\/uploads\/2023\/04\/GENERA-4.jpg 1075w\" sizes=\"(max-width: 722px) 100vw, 722px\" alt=\"\">\r\n                            <\/a>\r\n                            \r\n                        <\/figure>\r\n                    <\/div>\r\n                    <div class = \"td-slide-item td-item5\">\r\n                        <figure class=\"td-slide-galery-figure td-slide-popup-gallery\">\r\n                            <a class=\"slide-gallery-image-link\" href=\"https:\/\/sintesis.com.mx\/puebla\/wp-content\/uploads\/2023\/04\/GENERA-5.jpg\" title=\"GENERA 5\"  data-caption=\"\"  data-description=\"\">\r\n                                <img decoding=\"async\" src=\"https:\/\/sintesis.com.mx\/puebla\/wp-content\/uploads\/2023\/04\/GENERA-5-630x420.jpg\" srcset=\"https:\/\/sintesis.com.mx\/puebla\/wp-content\/uploads\/2023\/04\/GENERA-5-630x420.jpg 630w, https:\/\/sintesis.com.mx\/puebla\/wp-content\/uploads\/2023\/04\/GENERA-5-300x200.jpg 300w, https:\/\/sintesis.com.mx\/puebla\/wp-content\/uploads\/2023\/04\/GENERA-5-1024x683.jpg 1024w, https:\/\/sintesis.com.mx\/puebla\/wp-content\/uploads\/2023\/04\/GENERA-5-768x512.jpg 768w, https:\/\/sintesis.com.mx\/puebla\/wp-content\/uploads\/2023\/04\/GENERA-5-696x464.jpg 696w, https:\/\/sintesis.com.mx\/puebla\/wp-content\/uploads\/2023\/04\/GENERA-5-1068x712.jpg 1068w, https:\/\/sintesis.com.mx\/puebla\/wp-content\/uploads\/2023\/04\/GENERA-5.jpg 1080w\" sizes=\"(max-width: 630px) 100vw, 630px\" alt=\"\">\r\n                            <\/a>\r\n                            \r\n                        <\/figure>\r\n                    <\/div>\r\n                            <\/div>\r\n                        <\/div>\r\n\r\n                        <div class = \"td-doubleSlider-2\">\r\n                            <div class = \"td-slider\">\r\n                                \r\n                    <div class = \"td-button td-item1\">\r\n                        <div class = \"td-border\"><\/div>\r\n                    <\/div>\r\n                    <div class = \"td-button td-item2\">\r\n                        <div class = \"td-border\"><\/div>\r\n                    <\/div>\r\n                    <div class = \"td-button td-item3\">\r\n                        <div class = \"td-border\"><\/div>\r\n                    <\/div>\r\n                    <div class = \"td-button td-item4\">\r\n                        <div class = \"td-border\"><\/div>\r\n                    <\/div>\r\n                    <div class = \"td-button td-item5\">\r\n                        <div class = \"td-border\"><\/div>\r\n                    <\/div>\r\n                            <\/div>\r\n                        <\/div>\r\n\r\n                    <\/div>\r\n\r\n                <\/div>\r\n                \n","protected":false},"excerpt":{"rendered":"<p>En el marco de la celebraci\u00f3n de los 20 a\u00f1os de la Universidad An\u00e1huac Puebla, el Programa de Liderazgo Empresarial \u201cGenera\u201d recibi\u00f3 al Ing. H\u00e9ctor Alberto S\u00e1nchez Morales, presidente del Consejo Coordinador Empresarial de Puebla en un desayuno con los alumnos miembros del Programa. H\u00e9ctor S\u00e1nchez, comparti\u00f3 con los miembros de Genera, herramientas y consejos [&hellip;]<\/p>\n","protected":false},"author":26,"featured_media":344927,"comment_status":"open","ping_status":"open","sticky":false,"template":"","format":"standard","meta":{"footnotes":""},"categories":[82758],"tags":[21375,705,446,41,27,8254,18],"yst_prominent_words":[32277,31897,50951,30147,30330,37559,41207,29577,29562,30134,30270,50952],"class_list":["post-344925","post","type-post","status-publish","format-standard","has-post-thumbnail","hentry","category-educacion","tag-anahuac-puebla","tag-cce","tag-educacion","tag-es-noticia","tag-hoyesnoticia","tag-hoyesnoticiaapp","tag-puebla"],"_links":{"self":[{"href":"https:\/\/sintesis.com.mx\/puebla\/wp-json\/wp\/v2\/posts\/344925"}],"collection":[{"href":"https:\/\/sintesis.com.mx\/puebla\/wp-json\/wp\/v2\/posts"}],"about":[{"href":"https:\/\/sintesis.com.mx\/puebla\/wp-json\/wp\/v2\/types\/post"}],"author":[{"embeddable":true,"href":"https:\/\/sintesis.com.mx\/puebla\/wp-json\/wp\/v2\/users\/26"}],"replies":[{"embeddable":true,"href":"https:\/\/sintesis.com.mx\/puebla\/wp-json\/wp\/v2\/comments?post=344925"}],"version-history":[{"count":0,"href":"https:\/\/sintesis.com.mx\/puebla\/wp-json\/wp\/v2\/posts\/344925\/revisions"}],"wp:featuredmedia":[{"embeddable":true,"href":"https:\/\/sintesis.com.mx\/puebla\/wp-json\/wp\/v2\/media\/344927"}],"wp:attachment":[{"href":"https:\/\/sintesis.com.mx\/puebla\/wp-json\/wp\/v2\/media?parent=344925"}],"wp:term":[{"taxonomy":"category","embeddable":true,"href":"https:\/\/sintesis.com.mx\/puebla\/wp-json\/wp\/v2\/categories?post=344925"},{"taxonomy":"post_tag","embeddable":true,"href":"https:\/\/sintesis.com.mx\/puebla\/wp-json\/wp\/v2\/tags?post=344925"},{"taxonomy":"yst_prominent_words","embeddable":true,"href":"https:\/\/sintesis.com.mx\/puebla\/wp-json\/wp\/v2\/yst_prominent_words?post=344925"}],"curies":[{"name":"wp","href":"https:\/\/api.w.org\/{rel}","templated":true}]}}