{"id":354961,"date":"2023-06-10T17:39:27","date_gmt":"2023-06-10T23:39:27","guid":{"rendered":"https:\/\/sintesis.com.mx\/puebla\/?p=354961"},"modified":"2023-06-10T17:39:27","modified_gmt":"2023-06-10T23:39:27","slug":"inicia-en-puebla-la","status":"publish","type":"post","link":"https:\/\/sintesis.com.mx\/puebla\/2023\/06\/10\/inicia-en-puebla-la\/","title":{"rendered":"Inicia en Puebla la rehabilitaci\u00f3n de parques"},"content":{"rendered":"<p>El gobernador del Estado, Sergio Salom\u00f3n C\u00e9spedes, inform\u00f3 que ya inici\u00f3 la rehabilitaci\u00f3n de parques en Puebla para que puedan disfrutar de \u00e1reas verdes millones de familias.<\/p>\n<p>Asimismo, dijo que su gobierno ya est\u00e1 interviniendo el Parque del Arte, as\u00ed como el Parque lineal uno, dos y tres.<\/p>\n<p>Adem\u00e1s del ecoparque Metropolitano, Ciclov\u00eda Hermanos Serd\u00e1n, Paseo de los Gigantes y el Parque Ecol\u00f3gico.<\/p>\n<p>Adem\u00e1s de anunciar que impulsar\u00e1n las Escuelas Solares con las que tendr\u00e1n un impacto positivo en el medio ambiente.<\/p>\n","protected":false},"excerpt":{"rendered":"<p>El gobernador del Estado, Sergio Salom\u00f3n C\u00e9spedes, inform\u00f3 que ya inici\u00f3 la rehabilitaci\u00f3n de parques en Puebla para que puedan disfrutar de \u00e1reas verdes millones de familias. Asimismo, dijo que su gobierno ya est\u00e1 interviniendo el Parque del Arte, as\u00ed como el Parque lineal uno, dos y tres. Adem\u00e1s del ecoparque Metropolitano, Ciclov\u00eda Hermanos Serd\u00e1n, [&hellip;]<\/p>\n","protected":false},"author":26,"featured_media":337276,"comment_status":"open","ping_status":"open","sticky":false,"template":"","format":"standard","meta":{"footnotes":""},"categories":[3,1],"tags":[41,65,3298,27,8254,18],"yst_prominent_words":[29682],"class_list":["post-354961","post","type-post","status-publish","format-standard","has-post-thumbnail","hentry","category-puebla","category-sin-categoria","tag-es-noticia","tag-esnoticia","tag-gobierno","tag-hoyesnoticia","tag-hoyesnoticiaapp","tag-puebla"],"_links":{"self":[{"href":"https:\/\/sintesis.com.mx\/puebla\/wp-json\/wp\/v2\/posts\/354961"}],"collection":[{"href":"https:\/\/sintesis.com.mx\/puebla\/wp-json\/wp\/v2\/posts"}],"about":[{"href":"https:\/\/sintesis.com.mx\/puebla\/wp-json\/wp\/v2\/types\/post"}],"author":[{"embeddable":true,"href":"https:\/\/sintesis.com.mx\/puebla\/wp-json\/wp\/v2\/users\/26"}],"replies":[{"embeddable":true,"href":"https:\/\/sintesis.com.mx\/puebla\/wp-json\/wp\/v2\/comments?post=354961"}],"version-history":[{"count":0,"href":"https:\/\/sintesis.com.mx\/puebla\/wp-json\/wp\/v2\/posts\/354961\/revisions"}],"wp:featuredmedia":[{"embeddable":true,"href":"https:\/\/sintesis.com.mx\/puebla\/wp-json\/wp\/v2\/media\/337276"}],"wp:attachment":[{"href":"https:\/\/sintesis.com.mx\/puebla\/wp-json\/wp\/v2\/media?parent=354961"}],"wp:term":[{"taxonomy":"category","embeddable":true,"href":"https:\/\/sintesis.com.mx\/puebla\/wp-json\/wp\/v2\/categories?post=354961"},{"taxonomy":"post_tag","embeddable":true,"href":"https:\/\/sintesis.com.mx\/puebla\/wp-json\/wp\/v2\/tags?post=354961"},{"taxonomy":"yst_prominent_words","embeddable":true,"href":"https:\/\/sintesis.com.mx\/puebla\/wp-json\/wp\/v2\/yst_prominent_words?post=354961"}],"curies":[{"name":"wp","href":"https:\/\/api.w.org\/{rel}","templated":true}]}}