{"id":355185,"date":"2023-06-09T14:08:16","date_gmt":"2023-06-09T20:08:16","guid":{"rendered":"https:\/\/sintesis.com.mx\/puebla\/?p=355185"},"modified":"2023-06-12T14:22:33","modified_gmt":"2023-06-12T20:22:33","slug":"analiza-lxi-legislatura","status":"publish","type":"post","link":"https:\/\/sintesis.com.mx\/puebla\/2023\/06\/09\/analiza-lxi-legislatura\/","title":{"rendered":"Analiza LXI Legislatura exhorto para realizar campa\u00f1as de vacunaci\u00f3n contra el Virus del Papiloma Humano"},"content":{"rendered":"<p>Con la finalidad de <strong>prevenir y proteger a las futuras generaciones del c\u00e1ncer cervicouterino y otras enfermedades<\/strong>, la diputada <strong>M\u00f3nica Silva Ruiz<\/strong> present\u00f3 un punto de acuerdo para exhortar a la <strong>Secretar\u00eda de Salud<\/strong> a que realice campa\u00f1as de vacunaci\u00f3n a las ni\u00f1as, a partir de los<strong> once a\u00f1os o quinto grado de primaria, contra el Virus del Papiloma Humano.<\/strong><\/p>\n<p>En sesi\u00f3n ordinaria, la <strong>Mesa Directiva de la LXI Legislatura<\/strong> dio cuenta del punto de acuerdo, para que la dependencia revise y en su caso ampl\u00ede el esquema de vacunaci\u00f3n contra el <strong>Virus del Papiloma Humano<\/strong>, e incluya a los ni\u00f1os varones a partir de los once a\u00f1os o quinto grado de primaria, para garantizar el derecho humano a la salud, adem\u00e1s de promover la igualdad de g\u00e9nero.<\/p>\n<p><img loading=\"lazy\" decoding=\"async\" class=\"alignnone size-medium wp-image-355189\" src=\"https:\/\/sintesis.com.mx\/puebla\/wp-content\/uploads\/2023\/06\/n-1-200x300.jpeg\" alt=\"\" width=\"200\" height=\"300\" srcset=\"https:\/\/sintesis.com.mx\/puebla\/wp-content\/uploads\/2023\/06\/n-1-200x300.jpeg 200w, https:\/\/sintesis.com.mx\/puebla\/wp-content\/uploads\/2023\/06\/n-1-682x1024.jpeg 682w, https:\/\/sintesis.com.mx\/puebla\/wp-content\/uploads\/2023\/06\/n-1-768x1153.jpeg 768w, https:\/\/sintesis.com.mx\/puebla\/wp-content\/uploads\/2023\/06\/n-1-1023x1536.jpeg 1023w, https:\/\/sintesis.com.mx\/puebla\/wp-content\/uploads\/2023\/06\/n-1-696x1045.jpeg 696w, https:\/\/sintesis.com.mx\/puebla\/wp-content\/uploads\/2023\/06\/n-1-280x420.jpeg 280w, https:\/\/sintesis.com.mx\/puebla\/wp-content\/uploads\/2023\/06\/n-1.jpeg 1066w\" sizes=\"(max-width: 200px) 100vw, 200px\" \/><\/p>\n<p>El punto de acuerdo indica que <strong>la vacunaci\u00f3n contra el Virus del Papiloma Humano en ni\u00f1as y en ni\u00f1os es de suma importancia por diversas razones<\/strong>, entre las que se encuentra la prevenci\u00f3n de infecciones; la protecci\u00f3n contra enfermedades relacionadas, como el <strong>c\u00e1ncer<\/strong>; inmunidad colectiva; igualdad de g\u00e9nero; as\u00ed como efectividad a largo plazo.<\/p>\n<p><img loading=\"lazy\" decoding=\"async\" class=\"alignnone size-medium wp-image-355190\" src=\"https:\/\/sintesis.com.mx\/puebla\/wp-content\/uploads\/2023\/06\/l-1-300x200.jpeg\" alt=\"\" width=\"300\" height=\"200\" srcset=\"https:\/\/sintesis.com.mx\/puebla\/wp-content\/uploads\/2023\/06\/l-1-300x200.jpeg 300w, https:\/\/sintesis.com.mx\/puebla\/wp-content\/uploads\/2023\/06\/l-1-1024x682.jpeg 1024w, https:\/\/sintesis.com.mx\/puebla\/wp-content\/uploads\/2023\/06\/l-1-768x512.jpeg 768w, https:\/\/sintesis.com.mx\/puebla\/wp-content\/uploads\/2023\/06\/l-1-1536x1023.jpeg 1536w, https:\/\/sintesis.com.mx\/puebla\/wp-content\/uploads\/2023\/06\/l-1-696x464.jpeg 696w, https:\/\/sintesis.com.mx\/puebla\/wp-content\/uploads\/2023\/06\/l-1-1068x712.jpeg 1068w, https:\/\/sintesis.com.mx\/puebla\/wp-content\/uploads\/2023\/06\/l-1-630x420.jpeg 630w, https:\/\/sintesis.com.mx\/puebla\/wp-content\/uploads\/2023\/06\/l-1.jpeg 1600w\" sizes=\"(max-width: 300px) 100vw, 300px\" \/><\/p>\n<p>La <strong>Mesa Directiva<\/strong> turn\u00f3 este punto de acuerdo a la <strong>Comisi\u00f3n de Salud<\/strong> para su estudio y resoluci\u00f3n procedente.<\/p>\n<p>Como parte del orden del d\u00eda, el diputado <strong>Edgar Valent\u00edn Garmendia<\/strong> <strong>de los Santos<\/strong> present\u00f3 un punto de acuerdo para exhortar al <strong>Instituto Nacional de los Pueblos Ind\u00edgenas<\/strong>, as\u00ed como la <strong>Secretar\u00eda de Cultura Federal<\/strong> para que, de acuerdo con sus facultades, realicen acompa\u00f1amiento jur\u00eddico en la denuncia por el uso no consentido de elementos del patrimonio cultural originarias de <strong>San Gabriel Chilac, Puebla<\/strong>.<\/p>\n<p>La propuesta fue turnada a las <strong>Comisiones Unidas de Pueblos, Comunidades Ind\u00edgenas y Afromexicanas, y de Cultura, para su an\u00e1lisis correspondiente<\/strong>.<\/p>\n<p><img loading=\"lazy\" decoding=\"async\" class=\"alignnone size-medium wp-image-355191\" src=\"https:\/\/sintesis.com.mx\/puebla\/wp-content\/uploads\/2023\/06\/z-300x200.jpeg\" alt=\"\" width=\"300\" height=\"200\" srcset=\"https:\/\/sintesis.com.mx\/puebla\/wp-content\/uploads\/2023\/06\/z-300x200.jpeg 300w, https:\/\/sintesis.com.mx\/puebla\/wp-content\/uploads\/2023\/06\/z-1024x682.jpeg 1024w, https:\/\/sintesis.com.mx\/puebla\/wp-content\/uploads\/2023\/06\/z-768x512.jpeg 768w, https:\/\/sintesis.com.mx\/puebla\/wp-content\/uploads\/2023\/06\/z-1536x1023.jpeg 1536w, https:\/\/sintesis.com.mx\/puebla\/wp-content\/uploads\/2023\/06\/z-696x464.jpeg 696w, https:\/\/sintesis.com.mx\/puebla\/wp-content\/uploads\/2023\/06\/z-1068x712.jpeg 1068w, https:\/\/sintesis.com.mx\/puebla\/wp-content\/uploads\/2023\/06\/z-630x420.jpeg 630w, https:\/\/sintesis.com.mx\/puebla\/wp-content\/uploads\/2023\/06\/z.jpeg 1600w\" sizes=\"(max-width: 300px) 100vw, 300px\" \/><\/p>\n<p>En materia de salud, la diputada <strong>Norma Reyes Cabrera<\/strong> present\u00f3 un punto de acuerdo para exhortar a la <strong>Secretar\u00eda de Salud del Gobierno Federal y al Instituto Nacional de Salud P\u00fablica<\/strong> a que implementen una campa\u00f1a sobre la prevenci\u00f3n de las enfermedades renales cr\u00f3nicas, en la que se mencione los signos y s\u00edntomas de esta enfermedad, con el prop\u00f3sito de reducir las complicaciones y retrasar la progresi\u00f3n de la enfermedad.<\/p>\n<p>El exhorto fue turnado a la <strong>Comisi\u00f3n de Salud<\/strong> para su estudio y resoluci\u00f3n procedente.<\/p>\n<p><img loading=\"lazy\" decoding=\"async\" class=\"alignnone size-medium wp-image-355194\" src=\"https:\/\/sintesis.com.mx\/puebla\/wp-content\/uploads\/2023\/06\/k-1-300x200.jpeg\" alt=\"\" width=\"300\" height=\"200\" srcset=\"https:\/\/sintesis.com.mx\/puebla\/wp-content\/uploads\/2023\/06\/k-1-300x200.jpeg 300w, https:\/\/sintesis.com.mx\/puebla\/wp-content\/uploads\/2023\/06\/k-1-1024x682.jpeg 1024w, https:\/\/sintesis.com.mx\/puebla\/wp-content\/uploads\/2023\/06\/k-1-768x512.jpeg 768w, https:\/\/sintesis.com.mx\/puebla\/wp-content\/uploads\/2023\/06\/k-1-1536x1023.jpeg 1536w, https:\/\/sintesis.com.mx\/puebla\/wp-content\/uploads\/2023\/06\/k-1-696x464.jpeg 696w, https:\/\/sintesis.com.mx\/puebla\/wp-content\/uploads\/2023\/06\/k-1-1068x712.jpeg 1068w, https:\/\/sintesis.com.mx\/puebla\/wp-content\/uploads\/2023\/06\/k-1-630x420.jpeg 630w, https:\/\/sintesis.com.mx\/puebla\/wp-content\/uploads\/2023\/06\/k-1.jpeg 1600w\" sizes=\"(max-width: 300px) 100vw, 300px\" \/><\/p>\n<p>Durante la sesi\u00f3n ordinaria, la<strong> Mesa Directiva<\/strong> dio cuenta del punto de acuerdo del diputado<strong> Iv\u00e1n Herrera Villag\u00f3mez<\/strong>, dirigido a los <strong>217 Ayuntamientos<\/strong>, para que entreguen reconocimientos a los deportistas destacados de su comunidad y se considere crear un sal\u00f3n de la fama donde se proyecten los logros que cada participante ha llevado a cada municipio.<\/p>\n<p>La propuesta fue turnada a la <strong>Comisi\u00f3n de Juventud y Deporte para su an\u00e1lisis y dictaminaci\u00f3n.<\/strong><\/p>\n<p><img loading=\"lazy\" decoding=\"async\" class=\"alignnone size-medium wp-image-355195\" src=\"https:\/\/sintesis.com.mx\/puebla\/wp-content\/uploads\/2023\/06\/j-1-300x200.jpeg\" alt=\"\" width=\"300\" height=\"200\" srcset=\"https:\/\/sintesis.com.mx\/puebla\/wp-content\/uploads\/2023\/06\/j-1-300x200.jpeg 300w, https:\/\/sintesis.com.mx\/puebla\/wp-content\/uploads\/2023\/06\/j-1-1024x682.jpeg 1024w, https:\/\/sintesis.com.mx\/puebla\/wp-content\/uploads\/2023\/06\/j-1-768x512.jpeg 768w, https:\/\/sintesis.com.mx\/puebla\/wp-content\/uploads\/2023\/06\/j-1-1536x1023.jpeg 1536w, https:\/\/sintesis.com.mx\/puebla\/wp-content\/uploads\/2023\/06\/j-1-696x464.jpeg 696w, https:\/\/sintesis.com.mx\/puebla\/wp-content\/uploads\/2023\/06\/j-1-1068x712.jpeg 1068w, https:\/\/sintesis.com.mx\/puebla\/wp-content\/uploads\/2023\/06\/j-1-630x420.jpeg 630w, https:\/\/sintesis.com.mx\/puebla\/wp-content\/uploads\/2023\/06\/j-1.jpeg 1600w\" sizes=\"(max-width: 300px) 100vw, 300px\" \/><\/p>\n<p>Por su parte, la diputada <strong>Eliana Ang\u00e9lica Cervantes Gonz\u00e1lez<\/strong> present\u00f3 una iniciativa, mediante la cual solicita que se declare a la \u00faltima semana del mes de agosto como \u201c<strong>La Semana del Chile Poblano originario de San Rafael Tlanalapan<\/strong>\u201d, pues esta es una comunidad reconocida a nivel estatal y nacional por ser la cuna del<strong> chile poblano<\/strong>, ya que la producci\u00f3n de este alimento es una de las principales actividades econ\u00f3micas y sirve como sustento de las familias de la comunidad.<\/p>\n<p>Mientras, la diputada <strong>Daniela Mier Ba\u00f1uelos<\/strong> present\u00f3 una iniciativa de reforma por la que solicita se declare el 28 de mayo de cada a\u00f1o, \u201c<strong>D\u00eda Estatal de la Lucha Contra el Maltrato Animal<\/strong>\u201d, la propuesta indica que, en esa fecha, se realizar\u00e1n campa\u00f1as cuyo contenido se centre en la concientizaci\u00f3n y se difundir\u00e1 en qu\u00e9 consiste el Maltrato Animal, as\u00ed como las acciones estatales enfocadas a prevenir, sancionar y erradicar este tipo de il\u00edcitos.<\/p>\n<p>Las iniciativas de las diputadas <strong>Eliana Ang\u00e9lica Cervantes Gonz\u00e1lez y Daniela Mier Ba\u00f1uelos<\/strong> fueron turnadas a la<strong> Comisi\u00f3n de Cultura<\/strong> para su estudio y resoluci\u00f3n procedente.<\/p>\n","protected":false},"excerpt":{"rendered":"<p>Con la finalidad de prevenir y proteger a las futuras generaciones del c\u00e1ncer cervicouterino y otras enfermedades, la diputada M\u00f3nica Silva Ruiz present\u00f3 un punto de acuerdo para exhortar a la Secretar\u00eda de Salud a que realice campa\u00f1as de vacunaci\u00f3n a las ni\u00f1as, a partir de los once a\u00f1os o quinto grado de primaria, contra [&hellip;]<\/p>\n","protected":false},"author":26,"featured_media":355188,"comment_status":"open","ping_status":"open","sticky":false,"template":"","format":"standard","meta":{"footnotes":""},"categories":[83821],"tags":[1960,41,65,27,8254],"yst_prominent_words":[52416,58973,58969,52414,31353,58981,62304],"class_list":["post-355185","post","type-post","status-publish","format-standard","has-post-thumbnail","hentry","category-congreso","tag-congreso-del-estado","tag-es-noticia","tag-esnoticia","tag-hoyesnoticia","tag-hoyesnoticiaapp"],"_links":{"self":[{"href":"https:\/\/sintesis.com.mx\/puebla\/wp-json\/wp\/v2\/posts\/355185"}],"collection":[{"href":"https:\/\/sintesis.com.mx\/puebla\/wp-json\/wp\/v2\/posts"}],"about":[{"href":"https:\/\/sintesis.com.mx\/puebla\/wp-json\/wp\/v2\/types\/post"}],"author":[{"embeddable":true,"href":"https:\/\/sintesis.com.mx\/puebla\/wp-json\/wp\/v2\/users\/26"}],"replies":[{"embeddable":true,"href":"https:\/\/sintesis.com.mx\/puebla\/wp-json\/wp\/v2\/comments?post=355185"}],"version-history":[{"count":0,"href":"https:\/\/sintesis.com.mx\/puebla\/wp-json\/wp\/v2\/posts\/355185\/revisions"}],"wp:featuredmedia":[{"embeddable":true,"href":"https:\/\/sintesis.com.mx\/puebla\/wp-json\/wp\/v2\/media\/355188"}],"wp:attachment":[{"href":"https:\/\/sintesis.com.mx\/puebla\/wp-json\/wp\/v2\/media?parent=355185"}],"wp:term":[{"taxonomy":"category","embeddable":true,"href":"https:\/\/sintesis.com.mx\/puebla\/wp-json\/wp\/v2\/categories?post=355185"},{"taxonomy":"post_tag","embeddable":true,"href":"https:\/\/sintesis.com.mx\/puebla\/wp-json\/wp\/v2\/tags?post=355185"},{"taxonomy":"yst_prominent_words","embeddable":true,"href":"https:\/\/sintesis.com.mx\/puebla\/wp-json\/wp\/v2\/yst_prominent_words?post=355185"}],"curies":[{"name":"wp","href":"https:\/\/api.w.org\/{rel}","templated":true}]}}