{"id":355867,"date":"2023-06-14T17:00:13","date_gmt":"2023-06-14T23:00:13","guid":{"rendered":"https:\/\/sintesis.com.mx\/puebla\/?p=355867"},"modified":"2023-06-21T17:05:32","modified_gmt":"2023-06-21T23:05:32","slug":"guatemala-mundo-fabiola","status":"publish","type":"post","link":"https:\/\/sintesis.com.mx\/puebla\/2023\/06\/14\/guatemala-mundo-fabiola\/","title":{"rendered":"De Guatemala para el mundo Fabiola Roudha presenta su m\u00e1s reciente tema"},"content":{"rendered":"<p>La conocimos desde muy peque\u00f1a, cuando formo parte del reality show infantil \u201cC\u00f3digo Fama\u201d, unos a\u00f1os despu\u00e9s tambi\u00e9n sorprendi\u00f3 con su voz en la sexta generaci\u00f3n de \u201cLa Academia\u201d y se coron\u00f3 en su paso por \u201cSegunda Oportunidad\u201d, coloc\u00e1ndose como la favorita del p\u00fablico.<\/p>\n<p>Ahora, con una imagen m\u00e1s madura y despu\u00e9s de muchos a\u00f1os de carrera, <a href=\"https:\/\/twitter.com\/fabiolasinger\"><strong>Fabiola Roudha<\/strong><\/a> presenta su tercer disco, en el cual, se reta como compositora y explora otras t\u00e9cnicas y formas de cantar.<\/p>\n<p>En peri\u00f3dico S\u00edntesis platicamos con la guatemalteca, quien es considerada la voz aclamada de Latinoam\u00e9rica.<\/p>\n<p><strong>\u201cDesde muy peque\u00f1a naci\u00f3 mi inquietud por cantar, mi abuelita me llevaba a la iglesia y me platica que yo me quer\u00eda subir a cantar, me aprend\u00eda todos los anuncios de la radio y TV, los actuaba, los cantaba. Alos 7 a\u00f1os comenc\u00e9 con clases de canto y desde ah\u00ed me gustaron cantantes con voz potentes\u201d<\/strong>, nos cont\u00f3.<\/p>\n<p>\u201cDesde tercero de primaria, recuerdo que con cosas que pasaba con mis amigas empec\u00e9 a hacer canciones, ah\u00ed empec\u00e9 con esa espinita y a los 13 aprend\u00eda a tocar el teclado y as\u00ed compuse mi primera canci\u00f3n oficial\u00bb, agreg\u00f3.<\/p>\n<p>Recientemente lanz\u00f3 su tercer \u00e1lbum<strong> \u2018Un viaje en espiral\u2019<\/strong>, al respecto nos platica que, \u201ceste disco m\u00e1s que amor y desamor realmente, la tem\u00e1tica es soltar y cambiar. Soltar un trabajo, una amistad, etc., se\u00f1ala.<\/p>\n<p>Al preguntarle si le gustar\u00eda estar en alguna obra de teatro musical, nos coment\u00f3 que; <strong>\u201cMe gustar\u00eda poder estar en alguna, en Centro am\u00e9rica no se hace mucho teatro, pero estando aqu\u00ed en M\u00e9xico si me gustar\u00eda hacer alguna\u201d<\/strong>.<\/p>\n<p>Fabiola ha estado de promoci\u00f3n por Monterrey, Guadalajara, Celaya, Costa Rica, Guatemala. Y este 14 de junio se presentar\u00e1 en la CDMX en La Teatrer\u00eda, donde contara con invitados tales como el es acad\u00e9mico Nelson Carreras y la actriz teatral Paloma Cordero.<\/p>\n<p><strong>\u201cPara m\u00ed, apoyar a alguien m\u00e1s es una cadena. As\u00ed como a m\u00ed me han ayudado y abiertos las puertas, yo puedo hacer lo mismo con alguien m\u00e1s, al final el \u00e9xito es persona y que mejor que decir que pude aportar algo a esa persona que est\u00e1 luchando por sus sue\u00f1os\u00bb<\/strong>, agreg\u00f3 Fabiola.<\/p>\n<p>No olvides seguirla en sus redes sociales y puedes escuchar sus canciones en todas las plataformas digitales.<\/p>\n<ul>\n<li><strong><a href=\"https:\/\/open.spotify.com\/album\/1Ce0ntUrnx4hBV1iEsP5CT?si=2mS_676zTFORvlpdF9Qc8Q&amp;context=spotify%3Aalbum%3A1Ce0ntUrnx4hBV1iEsP5CT&amp;nd=1\">SPOTIFY<\/a><\/strong><\/li>\n<li><strong>IG @fabiolaroudhaoficial <\/strong><\/li>\n<li><strong>TW @fabiolasinger<\/strong><\/li>\n<li><strong>FB Fabiola Roudha<\/strong><\/li>\n<\/ul>\n\n","protected":false},"excerpt":{"rendered":"<p>La conocimos desde muy peque\u00f1a, cuando formo parte del reality show infantil \u201cC\u00f3digo Fama\u201d, unos a\u00f1os despu\u00e9s tambi\u00e9n sorprendi\u00f3 con su voz en la sexta generaci\u00f3n de \u201cLa Academia\u201d y se coron\u00f3 en su paso por \u201cSegunda Oportunidad\u201d, coloc\u00e1ndose como la favorita del p\u00fablico. Ahora, con una imagen m\u00e1s madura y despu\u00e9s de muchos a\u00f1os [&hellip;]<\/p>\n","protected":false},"author":26,"featured_media":0,"comment_status":"open","ping_status":"open","sticky":false,"template":"","format":"standard","meta":{"footnotes":""},"categories":[6,8,3,11],"tags":[41,27,8254,23,20668,40526],"yst_prominent_words":[32933,32176,46948,54475,32600,31661,30111,42184],"class_list":["post-355867","post","type-post","status-publish","format-standard","hentry","category-entretenimiento","category-hoyesnoticia","category-puebla","category-slide","tag-es-noticia","tag-hoyesnoticia","tag-hoyesnoticiaapp","tag-slide","tag-slider","tag-sliderapp"],"_links":{"self":[{"href":"https:\/\/sintesis.com.mx\/puebla\/wp-json\/wp\/v2\/posts\/355867"}],"collection":[{"href":"https:\/\/sintesis.com.mx\/puebla\/wp-json\/wp\/v2\/posts"}],"about":[{"href":"https:\/\/sintesis.com.mx\/puebla\/wp-json\/wp\/v2\/types\/post"}],"author":[{"embeddable":true,"href":"https:\/\/sintesis.com.mx\/puebla\/wp-json\/wp\/v2\/users\/26"}],"replies":[{"embeddable":true,"href":"https:\/\/sintesis.com.mx\/puebla\/wp-json\/wp\/v2\/comments?post=355867"}],"version-history":[{"count":0,"href":"https:\/\/sintesis.com.mx\/puebla\/wp-json\/wp\/v2\/posts\/355867\/revisions"}],"wp:attachment":[{"href":"https:\/\/sintesis.com.mx\/puebla\/wp-json\/wp\/v2\/media?parent=355867"}],"wp:term":[{"taxonomy":"category","embeddable":true,"href":"https:\/\/sintesis.com.mx\/puebla\/wp-json\/wp\/v2\/categories?post=355867"},{"taxonomy":"post_tag","embeddable":true,"href":"https:\/\/sintesis.com.mx\/puebla\/wp-json\/wp\/v2\/tags?post=355867"},{"taxonomy":"yst_prominent_words","embeddable":true,"href":"https:\/\/sintesis.com.mx\/puebla\/wp-json\/wp\/v2\/yst_prominent_words?post=355867"}],"curies":[{"name":"wp","href":"https:\/\/api.w.org\/{rel}","templated":true}]}}