{"id":358768,"date":"2023-07-05T11:04:21","date_gmt":"2023-07-05T17:04:21","guid":{"rendered":"https:\/\/sintesis.com.mx\/puebla\/?p=358768"},"modified":"2023-07-05T11:04:21","modified_gmt":"2023-07-05T17:04:21","slug":"mediante-expo-transporte","status":"publish","type":"post","link":"https:\/\/sintesis.com.mx\/puebla\/2023\/07\/05\/mediante-expo-transporte\/","title":{"rendered":"Mediante Expo Transporte P\u00fablico 2023, SMT dignifica transporte p\u00fablico en el estado"},"content":{"rendered":"<p>Con el objetivo de impulsar la actualizaci\u00f3n y dignificaci\u00f3n del transporte p\u00fablico de la entidad, el gobierno presente de Sergio Salom\u00f3n, a trav\u00e9s de la Secretar\u00eda de Movilidad y Transporte <strong>(SMT)<\/strong>, realiz\u00f3 una edici\u00f3n de la Expo Transporte P\u00fablico 2023, iniciativa que tiene el objetivo de vincular a las y los concesionarios y permisionarios con diversas alternativas que abonen al mejoramiento de las unidades.<\/p>\n<p>En las instalaciones de la dependencia, <strong>19 expositores nacionales y locales dieron a conocer servicios en los rubros de refacciones y mantenimiento de veh\u00edculos, opciones de financiamiento para unidades nuevas o usadas, dispositivos y aditamentos tecnol\u00f3gicos, as\u00ed como asesor\u00eda para la contrataci\u00f3n de seguros y la cobertura id\u00f3nea para el servicio de transporte p\u00fablico.<\/strong><\/p>\n<p>Como parte de una estrategia que impulsa la modernizaci\u00f3n, regularizaci\u00f3n y la legalidad en las unidades, el titular de la dependencia, Omar \u00c1lvarez Arronte recorri\u00f3 la exposici\u00f3n y escuch\u00f3 las necesidades actuales de las y los transportistas, lo que permiti\u00f3 resolver las inquietudes respecto a los servicios ofertados sin intermediarios y de manera transparente.<\/p>\n<p><strong>El gobierno estatal mantiene su compromiso de dignificar y potencializar las unidades de transporte p\u00fablico, mediante acciones que faciliten la dignificaci\u00f3n del servicio y permitan trabajar de la mano con concesionarios y permisionarios para garantizar una movilidad eficiente, sustentable y centrada en las y los usuarios.<\/strong><\/p>\n\r\n                <style type=\"text\/css\">\r\n                    \r\n                    #td_uid_1_69f4ee7b9b059  .td-doubleSlider-2 .td-item1 {\r\n                        background: url(https:\/\/sintesis.com.mx\/puebla\/wp-content\/uploads\/2023\/07\/WhatsApp-Image-2023-07-05-at-11.00.28-AM-1-80x60.jpeg) 0 0 no-repeat;\r\n                    }\r\n                    #td_uid_1_69f4ee7b9b059  .td-doubleSlider-2 .td-item2 {\r\n                        background: url(https:\/\/sintesis.com.mx\/puebla\/wp-content\/uploads\/2023\/07\/WhatsApp-Image-2023-07-05-at-11.00.28-AM-80x60.jpeg) 0 0 no-repeat;\r\n                    }\r\n                    #td_uid_1_69f4ee7b9b059  .td-doubleSlider-2 .td-item3 {\r\n                        background: url(https:\/\/sintesis.com.mx\/puebla\/wp-content\/uploads\/2023\/07\/WhatsApp-Image-2023-07-05-at-11.00.27-AM-1-80x60.jpeg) 0 0 no-repeat;\r\n                    }\r\n                    #td_uid_1_69f4ee7b9b059  .td-doubleSlider-2 .td-item4 {\r\n                        background: url(https:\/\/sintesis.com.mx\/puebla\/wp-content\/uploads\/2023\/07\/WhatsApp-Image-2023-07-05-at-11.00.27-AM-80x60.jpeg) 0 0 no-repeat;\r\n                    }\r\n                <\/style>\r\n\r\n                <div id=\"td_uid_1_69f4ee7b9b059\" class=\"td-slide-on-2-columns\">\r\n                    <div class=\"post_td_gallery\">\r\n                        <div class=\"td-gallery-slide-top\">\r\n                           <div class=\"td-gallery-title\"><\/div>\r\n\r\n                            <div class=\"td-gallery-controls-wrapper\">\r\n                                <div class=\"td-gallery-slide-count\"><span class=\"td-gallery-slide-item-focus\">1<\/span> of 4<\/div>\r\n                                <div class=\"td-gallery-slide-prev-next-but\">\r\n                                    <i class = \"td-icon-left doubleSliderPrevButton\"><\/i>\r\n                                    <i class = \"td-icon-right doubleSliderNextButton\"><\/i>\r\n                                <\/div>\r\n                            <\/div>\r\n                        <\/div>\r\n\r\n                        <div class = \"td-doubleSlider-1 \">\r\n                            <div class = \"td-slider\">\r\n                                \r\n                    <div class = \"td-slide-item td-item1\">\r\n                        <figure class=\"td-slide-galery-figure td-slide-popup-gallery\">\r\n                            <a class=\"slide-gallery-image-link\" href=\"https:\/\/sintesis.com.mx\/puebla\/wp-content\/uploads\/2023\/07\/WhatsApp-Image-2023-07-05-at-11.00.28-AM-1.jpeg\" title=\"WhatsApp Image 2023-07-05 at 11.00.28 AM (1)\"  data-caption=\"\"  data-description=\"\">\r\n                                <img decoding=\"async\" src=\"https:\/\/sintesis.com.mx\/puebla\/wp-content\/uploads\/2023\/07\/WhatsApp-Image-2023-07-05-at-11.00.28-AM-1-634x420.jpeg\" srcset=\"https:\/\/sintesis.com.mx\/puebla\/wp-content\/uploads\/2023\/07\/WhatsApp-Image-2023-07-05-at-11.00.28-AM-1-634x420.jpeg 634w, https:\/\/sintesis.com.mx\/puebla\/wp-content\/uploads\/2023\/07\/WhatsApp-Image-2023-07-05-at-11.00.28-AM-1-300x199.jpeg 300w, https:\/\/sintesis.com.mx\/puebla\/wp-content\/uploads\/2023\/07\/WhatsApp-Image-2023-07-05-at-11.00.28-AM-1-1024x678.jpeg 1024w, https:\/\/sintesis.com.mx\/puebla\/wp-content\/uploads\/2023\/07\/WhatsApp-Image-2023-07-05-at-11.00.28-AM-1-768x509.jpeg 768w, https:\/\/sintesis.com.mx\/puebla\/wp-content\/uploads\/2023\/07\/WhatsApp-Image-2023-07-05-at-11.00.28-AM-1-1536x1018.jpeg 1536w, https:\/\/sintesis.com.mx\/puebla\/wp-content\/uploads\/2023\/07\/WhatsApp-Image-2023-07-05-at-11.00.28-AM-1-696x461.jpeg 696w, https:\/\/sintesis.com.mx\/puebla\/wp-content\/uploads\/2023\/07\/WhatsApp-Image-2023-07-05-at-11.00.28-AM-1-1068x708.jpeg 1068w, https:\/\/sintesis.com.mx\/puebla\/wp-content\/uploads\/2023\/07\/WhatsApp-Image-2023-07-05-at-11.00.28-AM-1.jpeg 1600w\" sizes=\"(max-width: 634px) 100vw, 634px\" alt=\"\">\r\n                            <\/a>\r\n                            \r\n                        <\/figure>\r\n                    <\/div>\r\n                    <div class = \"td-slide-item td-item2\">\r\n                        <figure class=\"td-slide-galery-figure td-slide-popup-gallery\">\r\n                            <a class=\"slide-gallery-image-link\" href=\"https:\/\/sintesis.com.mx\/puebla\/wp-content\/uploads\/2023\/07\/WhatsApp-Image-2023-07-05-at-11.00.28-AM.jpeg\" title=\"WhatsApp Image 2023-07-05 at 11.00.28 AM\"  data-caption=\"\"  data-description=\"\">\r\n                                <img decoding=\"async\" src=\"https:\/\/sintesis.com.mx\/puebla\/wp-content\/uploads\/2023\/07\/WhatsApp-Image-2023-07-05-at-11.00.28-AM-634x420.jpeg\" srcset=\"https:\/\/sintesis.com.mx\/puebla\/wp-content\/uploads\/2023\/07\/WhatsApp-Image-2023-07-05-at-11.00.28-AM-634x420.jpeg 634w, https:\/\/sintesis.com.mx\/puebla\/wp-content\/uploads\/2023\/07\/WhatsApp-Image-2023-07-05-at-11.00.28-AM-300x199.jpeg 300w, https:\/\/sintesis.com.mx\/puebla\/wp-content\/uploads\/2023\/07\/WhatsApp-Image-2023-07-05-at-11.00.28-AM-1024x678.jpeg 1024w, https:\/\/sintesis.com.mx\/puebla\/wp-content\/uploads\/2023\/07\/WhatsApp-Image-2023-07-05-at-11.00.28-AM-768x509.jpeg 768w, https:\/\/sintesis.com.mx\/puebla\/wp-content\/uploads\/2023\/07\/WhatsApp-Image-2023-07-05-at-11.00.28-AM-1536x1018.jpeg 1536w, https:\/\/sintesis.com.mx\/puebla\/wp-content\/uploads\/2023\/07\/WhatsApp-Image-2023-07-05-at-11.00.28-AM-696x461.jpeg 696w, https:\/\/sintesis.com.mx\/puebla\/wp-content\/uploads\/2023\/07\/WhatsApp-Image-2023-07-05-at-11.00.28-AM-1068x708.jpeg 1068w, https:\/\/sintesis.com.mx\/puebla\/wp-content\/uploads\/2023\/07\/WhatsApp-Image-2023-07-05-at-11.00.28-AM.jpeg 1600w\" sizes=\"(max-width: 634px) 100vw, 634px\" alt=\"\">\r\n                            <\/a>\r\n                            \r\n                        <\/figure>\r\n                    <\/div>\r\n                    <div class = \"td-slide-item td-item3\">\r\n                        <figure class=\"td-slide-galery-figure td-slide-popup-gallery\">\r\n                            <a class=\"slide-gallery-image-link\" href=\"https:\/\/sintesis.com.mx\/puebla\/wp-content\/uploads\/2023\/07\/WhatsApp-Image-2023-07-05-at-11.00.27-AM-1.jpeg\" title=\"WhatsApp Image 2023-07-05 at 11.00.27 AM (1)\"  data-caption=\"\"  data-description=\"\">\r\n                                <img decoding=\"async\" src=\"https:\/\/sintesis.com.mx\/puebla\/wp-content\/uploads\/2023\/07\/WhatsApp-Image-2023-07-05-at-11.00.27-AM-1-634x420.jpeg\" srcset=\"https:\/\/sintesis.com.mx\/puebla\/wp-content\/uploads\/2023\/07\/WhatsApp-Image-2023-07-05-at-11.00.27-AM-1-634x420.jpeg 634w, https:\/\/sintesis.com.mx\/puebla\/wp-content\/uploads\/2023\/07\/WhatsApp-Image-2023-07-05-at-11.00.27-AM-1-300x199.jpeg 300w, https:\/\/sintesis.com.mx\/puebla\/wp-content\/uploads\/2023\/07\/WhatsApp-Image-2023-07-05-at-11.00.27-AM-1-1024x678.jpeg 1024w, https:\/\/sintesis.com.mx\/puebla\/wp-content\/uploads\/2023\/07\/WhatsApp-Image-2023-07-05-at-11.00.27-AM-1-768x509.jpeg 768w, https:\/\/sintesis.com.mx\/puebla\/wp-content\/uploads\/2023\/07\/WhatsApp-Image-2023-07-05-at-11.00.27-AM-1-1536x1018.jpeg 1536w, https:\/\/sintesis.com.mx\/puebla\/wp-content\/uploads\/2023\/07\/WhatsApp-Image-2023-07-05-at-11.00.27-AM-1-696x461.jpeg 696w, https:\/\/sintesis.com.mx\/puebla\/wp-content\/uploads\/2023\/07\/WhatsApp-Image-2023-07-05-at-11.00.27-AM-1-1068x708.jpeg 1068w, https:\/\/sintesis.com.mx\/puebla\/wp-content\/uploads\/2023\/07\/WhatsApp-Image-2023-07-05-at-11.00.27-AM-1.jpeg 1600w\" sizes=\"(max-width: 634px) 100vw, 634px\" alt=\"\">\r\n                            <\/a>\r\n                            \r\n                        <\/figure>\r\n                    <\/div>\r\n                    <div class = \"td-slide-item td-item4\">\r\n                        <figure class=\"td-slide-galery-figure td-slide-popup-gallery\">\r\n                            <a class=\"slide-gallery-image-link\" href=\"https:\/\/sintesis.com.mx\/puebla\/wp-content\/uploads\/2023\/07\/WhatsApp-Image-2023-07-05-at-11.00.27-AM.jpeg\" title=\"WhatsApp Image 2023-07-05 at 11.00.27 AM\"  data-caption=\"\"  data-description=\"\">\r\n                                <img decoding=\"async\" src=\"https:\/\/sintesis.com.mx\/puebla\/wp-content\/uploads\/2023\/07\/WhatsApp-Image-2023-07-05-at-11.00.27-AM-634x420.jpeg\" srcset=\"https:\/\/sintesis.com.mx\/puebla\/wp-content\/uploads\/2023\/07\/WhatsApp-Image-2023-07-05-at-11.00.27-AM-634x420.jpeg 634w, https:\/\/sintesis.com.mx\/puebla\/wp-content\/uploads\/2023\/07\/WhatsApp-Image-2023-07-05-at-11.00.27-AM-300x199.jpeg 300w, https:\/\/sintesis.com.mx\/puebla\/wp-content\/uploads\/2023\/07\/WhatsApp-Image-2023-07-05-at-11.00.27-AM-1024x678.jpeg 1024w, https:\/\/sintesis.com.mx\/puebla\/wp-content\/uploads\/2023\/07\/WhatsApp-Image-2023-07-05-at-11.00.27-AM-768x509.jpeg 768w, https:\/\/sintesis.com.mx\/puebla\/wp-content\/uploads\/2023\/07\/WhatsApp-Image-2023-07-05-at-11.00.27-AM-1536x1018.jpeg 1536w, https:\/\/sintesis.com.mx\/puebla\/wp-content\/uploads\/2023\/07\/WhatsApp-Image-2023-07-05-at-11.00.27-AM-696x461.jpeg 696w, https:\/\/sintesis.com.mx\/puebla\/wp-content\/uploads\/2023\/07\/WhatsApp-Image-2023-07-05-at-11.00.27-AM-1068x708.jpeg 1068w, https:\/\/sintesis.com.mx\/puebla\/wp-content\/uploads\/2023\/07\/WhatsApp-Image-2023-07-05-at-11.00.27-AM.jpeg 1600w\" sizes=\"(max-width: 634px) 100vw, 634px\" alt=\"\">\r\n                            <\/a>\r\n                            \r\n                        <\/figure>\r\n                    <\/div>\r\n                            <\/div>\r\n                        <\/div>\r\n\r\n                        <div class = \"td-doubleSlider-2\">\r\n                            <div class = \"td-slider\">\r\n                                \r\n                    <div class = \"td-button td-item1\">\r\n                        <div class = \"td-border\"><\/div>\r\n                    <\/div>\r\n                    <div class = \"td-button td-item2\">\r\n                        <div class = \"td-border\"><\/div>\r\n                    <\/div>\r\n                    <div class = \"td-button td-item3\">\r\n                        <div class = \"td-border\"><\/div>\r\n                    <\/div>\r\n                    <div class = \"td-button td-item4\">\r\n                        <div class = \"td-border\"><\/div>\r\n                    <\/div>\r\n                            <\/div>\r\n                        <\/div>\r\n\r\n                    <\/div>\r\n\r\n                <\/div>\r\n                \n","protected":false},"excerpt":{"rendered":"<p>Con el objetivo de impulsar la actualizaci\u00f3n y dignificaci\u00f3n del transporte p\u00fablico de la entidad, el gobierno presente de Sergio Salom\u00f3n, a trav\u00e9s de la Secretar\u00eda de Movilidad y Transporte (SMT), realiz\u00f3 una edici\u00f3n de la Expo Transporte P\u00fablico 2023, iniciativa que tiene el objetivo de vincular a las y los concesionarios y permisionarios con [&hellip;]<\/p>\n","protected":false},"author":26,"featured_media":358771,"comment_status":"open","ping_status":"open","sticky":false,"template":"","format":"standard","meta":{"footnotes":""},"categories":[72262],"tags":[3298,18,27722,23,8253,20668,40526,18877],"yst_prominent_words":[29727,30150,57498,29786,29720,32187,29723,30702,30155,29718,29717,29719],"class_list":["post-358768","post","type-post","status-publish","format-standard","has-post-thumbnail","hentry","category-gobierno","tag-gobierno","tag-puebla","tag-secretaria-de-movilidad-y-transporte","tag-slide","tag-slideapp","tag-slider","tag-sliderapp","tag-smt"],"_links":{"self":[{"href":"https:\/\/sintesis.com.mx\/puebla\/wp-json\/wp\/v2\/posts\/358768"}],"collection":[{"href":"https:\/\/sintesis.com.mx\/puebla\/wp-json\/wp\/v2\/posts"}],"about":[{"href":"https:\/\/sintesis.com.mx\/puebla\/wp-json\/wp\/v2\/types\/post"}],"author":[{"embeddable":true,"href":"https:\/\/sintesis.com.mx\/puebla\/wp-json\/wp\/v2\/users\/26"}],"replies":[{"embeddable":true,"href":"https:\/\/sintesis.com.mx\/puebla\/wp-json\/wp\/v2\/comments?post=358768"}],"version-history":[{"count":0,"href":"https:\/\/sintesis.com.mx\/puebla\/wp-json\/wp\/v2\/posts\/358768\/revisions"}],"wp:featuredmedia":[{"embeddable":true,"href":"https:\/\/sintesis.com.mx\/puebla\/wp-json\/wp\/v2\/media\/358771"}],"wp:attachment":[{"href":"https:\/\/sintesis.com.mx\/puebla\/wp-json\/wp\/v2\/media?parent=358768"}],"wp:term":[{"taxonomy":"category","embeddable":true,"href":"https:\/\/sintesis.com.mx\/puebla\/wp-json\/wp\/v2\/categories?post=358768"},{"taxonomy":"post_tag","embeddable":true,"href":"https:\/\/sintesis.com.mx\/puebla\/wp-json\/wp\/v2\/tags?post=358768"},{"taxonomy":"yst_prominent_words","embeddable":true,"href":"https:\/\/sintesis.com.mx\/puebla\/wp-json\/wp\/v2\/yst_prominent_words?post=358768"}],"curies":[{"name":"wp","href":"https:\/\/api.w.org\/{rel}","templated":true}]}}