{"id":361984,"date":"2023-07-28T17:10:53","date_gmt":"2023-07-28T23:10:53","guid":{"rendered":"https:\/\/sintesis.com.mx\/puebla\/?p=361984"},"modified":"2023-07-28T17:10:53","modified_gmt":"2023-07-28T23:10:53","slug":"ven-positiva-alianza","status":"publish","type":"post","link":"https:\/\/sintesis.com.mx\/puebla\/2023\/07\/28\/ven-positiva-alianza\/","title":{"rendered":"Ven positiva alianza en SPC, a\u00fan mantienen pl\u00e1ticas para conformarla: Cesar Jim\u00e9nez"},"content":{"rendered":"<p>El dirigente del <strong>Comit\u00e9 Directivo Municipal del Partido Revolucionario Institucional (PRI) en San Pedro Cholula, Cesar Jim\u00e9nez Lorenzini<\/strong> confirm\u00f3 que aun se mantienen mesas de trabajo entre las dirigencias municipales para confirmar una probable alianza, la cu\u00e1l vio con buenos ojos.<\/p>\n<p>Declar\u00f3 que a<strong> nivel nacional ya est\u00e1 muy construida y a nivel estatal s\u00f3lo esperan signarla<\/strong>, pero a nivel municipal, est\u00e1n trabajando en las mesas de trabajo para confirmar la misma, por lo que entre dirigencias buscar\u00e1n ponerse de acuerdo para dar los puntos de vista al respecto.<\/p>\n<p style=\"text-align: center;\"><strong>\u201cLo veo con buenos ojos, aqu\u00ed en Cholula la militancia priista ser\u00e1 la que defina el rumbo, aunque existen pl\u00e1ticas, ser\u00e1 la militancia cholulteca la que determine si avanza esta alianza\u201d.<\/strong><\/p>\n<p>Indic\u00f3 que en el municipio son entre 3 mil a 4 mil priistas, por lo que tienen buenos n\u00fameros los cuales seguir\u00e1n fortaleciendo con actividades de afiliaci\u00f3n en juntas auxiliares y la cabecera municipal, puesto que existe un importante n\u00famero de personas que son afines al partido.<\/p>\n<blockquote class=\"twitter-tweet\" data-width=\"550\" data-dnt=\"true\">\n<p lang=\"es\" dir=\"ltr\">\ud83d\udde3\ufe0f|l Ven con buenos ojos una probable alianza en <a href=\"https:\/\/twitter.com\/hashtag\/SanPedroCholula?src=hash&amp;ref_src=twsrc%5Etfw\">#SanPedroCholula<\/a> as\u00ed lo destac\u00f3 <a href=\"https:\/\/twitter.com\/Cesarjl?ref_src=twsrc%5Etfw\">@CesarJL<\/a> presidente del PRI en esta demarcaci\u00f3n.<\/p>\n<p>\ud83d\udcf9<a href=\"https:\/\/twitter.com\/reporpue11?ref_src=twsrc%5Etfw\">@reporpue11<\/a> <a href=\"https:\/\/t.co\/ik60j3dZqw\">pic.twitter.com\/ik60j3dZqw<\/a><\/p>\n<p>&mdash; S\u00edntesis Puebla (@sintesisweb) <a href=\"https:\/\/twitter.com\/sintesisweb\/status\/1685032545392492545?ref_src=twsrc%5Etfw\">July 28, 2023<\/a><\/p><\/blockquote>\n<p><script async src=\"https:\/\/platform.twitter.com\/widgets.js\" charset=\"utf-8\"><\/script><\/p>\n<p>Jim\u00e9nez Lorenzini de hecho <strong>abri\u00f3 las puertas a todos los perfiles que busquen un cargo a levantar la mano<\/strong>, a tener acercamiento con la dirigencia ya que ser\u00e1n escuchados para poder participar.<\/p>\n","protected":false},"excerpt":{"rendered":"<p>El dirigente del Comit\u00e9 Directivo Municipal del Partido Revolucionario Institucional (PRI) en San Pedro Cholula, Cesar Jim\u00e9nez Lorenzini confirm\u00f3 que aun se mantienen mesas de trabajo entre las dirigencias municipales para confirmar una probable alianza, la cu\u00e1l vio con buenos ojos. Declar\u00f3 que a nivel nacional ya est\u00e1 muy construida y a nivel estatal s\u00f3lo [&hellip;]<\/p>\n","protected":false},"author":6,"featured_media":0,"comment_status":"open","ping_status":"open","sticky":false,"template":"","format":"standard","meta":{"footnotes":""},"categories":[12,8,9],"tags":[1488,59573,41,18,437],"yst_prominent_words":[36873,35132,30798,60937,30411,59570,39675,29701,29694,43147,29816,31751,44650,30086,29992,29801],"class_list":["post-361984","post","type-post","status-publish","format-standard","hentry","category-cholula","category-hoyesnoticia","category-municipios","tag-alianza","tag-cesar-jimenez-lorenzini","tag-es-noticia","tag-puebla","tag-san-pedro-cholula"],"_links":{"self":[{"href":"https:\/\/sintesis.com.mx\/puebla\/wp-json\/wp\/v2\/posts\/361984"}],"collection":[{"href":"https:\/\/sintesis.com.mx\/puebla\/wp-json\/wp\/v2\/posts"}],"about":[{"href":"https:\/\/sintesis.com.mx\/puebla\/wp-json\/wp\/v2\/types\/post"}],"author":[{"embeddable":true,"href":"https:\/\/sintesis.com.mx\/puebla\/wp-json\/wp\/v2\/users\/6"}],"replies":[{"embeddable":true,"href":"https:\/\/sintesis.com.mx\/puebla\/wp-json\/wp\/v2\/comments?post=361984"}],"version-history":[{"count":0,"href":"https:\/\/sintesis.com.mx\/puebla\/wp-json\/wp\/v2\/posts\/361984\/revisions"}],"wp:attachment":[{"href":"https:\/\/sintesis.com.mx\/puebla\/wp-json\/wp\/v2\/media?parent=361984"}],"wp:term":[{"taxonomy":"category","embeddable":true,"href":"https:\/\/sintesis.com.mx\/puebla\/wp-json\/wp\/v2\/categories?post=361984"},{"taxonomy":"post_tag","embeddable":true,"href":"https:\/\/sintesis.com.mx\/puebla\/wp-json\/wp\/v2\/tags?post=361984"},{"taxonomy":"yst_prominent_words","embeddable":true,"href":"https:\/\/sintesis.com.mx\/puebla\/wp-json\/wp\/v2\/yst_prominent_words?post=361984"}],"curies":[{"name":"wp","href":"https:\/\/api.w.org\/{rel}","templated":true}]}}