{"id":364497,"date":"2023-08-16T11:25:05","date_gmt":"2023-08-16T17:25:05","guid":{"rendered":"https:\/\/sintesis.com.mx\/puebla\/?p=364497"},"modified":"2023-08-16T11:25:24","modified_gmt":"2023-08-16T17:25:24","slug":"aprehendido-responsable-secuestro","status":"publish","type":"post","link":"https:\/\/sintesis.com.mx\/puebla\/2023\/08\/16\/aprehendido-responsable-secuestro\/","title":{"rendered":"Aprehendido en reclusi\u00f3n, presunto responsable de secuestro"},"content":{"rendered":"<p>Por su posible participaci\u00f3n en el secuestro de un ciudadano en 2010, la Fiscal\u00eda General del Estado de Puebla <strong>cumpli\u00f3 orden de aprehensi\u00f3n contra Miguel \u00c1ngel N. alias \u201cEl Ni\u00f1o\u201d de 40 a\u00f1os de edad.<\/strong><\/p>\n<p>El hecho en el que se le investiga ocurri\u00f3 el 5 de junio de 2010, cuando sujetos armados y con pasamonta\u00f1as privaron de la libertad a la v\u00edctima llev\u00e1ndosela por la fuerza rumbo a Huauchinango.<\/p>\n<p>Horas m\u00e1s tarde, exigieron a la esposa del afectado el pago de 1 mill\u00f3n de pesos, sin embargo, despu\u00e9s de diversas negociaciones, aceptaron la cantidad de 142 mil pesos. El pago de rescate se realiz\u00f3 en el estado de Hidalgo, no obstante, la v\u00edctima fue privada de la vida.<\/p>\n<p>Al establecer su presunta responsabilidad en la comisi\u00f3n del delito de privaci\u00f3n ilegal de la libertad en su modalidad de secuestro agravado, la Fiscal\u00eda de Puebla solicit\u00f3 y obtuvo orden de aprehensi\u00f3n en contra de Miguel \u00c1ngel N.<\/p>\n<p>El 8 de agosto de 2023, agentes investigadores dieron cumplimiento a la orden de aprehensi\u00f3n en contra de Miguel \u00c1ngel N. alias \u201cEl Ni\u00f1o\u201d en el Centro Penitenciario de Xicotepec donde ya se encontraba en reclusi\u00f3n por otro delito de secuestro.<\/p>\n","protected":false},"excerpt":{"rendered":"<p>Por su posible participaci\u00f3n en el secuestro de un ciudadano en 2010, la Fiscal\u00eda General del Estado de Puebla cumpli\u00f3 orden de aprehensi\u00f3n contra Miguel \u00c1ngel N. alias \u201cEl Ni\u00f1o\u201d de 40 a\u00f1os de edad. El hecho en el que se le investiga ocurri\u00f3 el 5 de junio de 2010, cuando sujetos armados y con [&hellip;]<\/p>\n","protected":false},"author":26,"featured_media":364498,"comment_status":"open","ping_status":"open","sticky":false,"template":"","format":"standard","meta":{"footnotes":""},"categories":[82762,1],"tags":[26670,5659,18,384],"yst_prominent_words":[63774,35806,31673,49250,30933,29568,29561,51601,36493,30224,49246,29562,33597],"class_list":["post-364497","post","type-post","status-publish","format-standard","has-post-thumbnail","hentry","category-seguridad","category-sin-categoria","tag-armados","tag-fiscalia","tag-puebla","tag-secuestro"],"_links":{"self":[{"href":"https:\/\/sintesis.com.mx\/puebla\/wp-json\/wp\/v2\/posts\/364497"}],"collection":[{"href":"https:\/\/sintesis.com.mx\/puebla\/wp-json\/wp\/v2\/posts"}],"about":[{"href":"https:\/\/sintesis.com.mx\/puebla\/wp-json\/wp\/v2\/types\/post"}],"author":[{"embeddable":true,"href":"https:\/\/sintesis.com.mx\/puebla\/wp-json\/wp\/v2\/users\/26"}],"replies":[{"embeddable":true,"href":"https:\/\/sintesis.com.mx\/puebla\/wp-json\/wp\/v2\/comments?post=364497"}],"version-history":[{"count":1,"href":"https:\/\/sintesis.com.mx\/puebla\/wp-json\/wp\/v2\/posts\/364497\/revisions"}],"predecessor-version":[{"id":364501,"href":"https:\/\/sintesis.com.mx\/puebla\/wp-json\/wp\/v2\/posts\/364497\/revisions\/364501"}],"wp:featuredmedia":[{"embeddable":true,"href":"https:\/\/sintesis.com.mx\/puebla\/wp-json\/wp\/v2\/media\/364498"}],"wp:attachment":[{"href":"https:\/\/sintesis.com.mx\/puebla\/wp-json\/wp\/v2\/media?parent=364497"}],"wp:term":[{"taxonomy":"category","embeddable":true,"href":"https:\/\/sintesis.com.mx\/puebla\/wp-json\/wp\/v2\/categories?post=364497"},{"taxonomy":"post_tag","embeddable":true,"href":"https:\/\/sintesis.com.mx\/puebla\/wp-json\/wp\/v2\/tags?post=364497"},{"taxonomy":"yst_prominent_words","embeddable":true,"href":"https:\/\/sintesis.com.mx\/puebla\/wp-json\/wp\/v2\/yst_prominent_words?post=364497"}],"curies":[{"name":"wp","href":"https:\/\/api.w.org\/{rel}","templated":true}]}}