{"id":366713,"date":"2023-08-25T10:21:47","date_gmt":"2023-08-25T16:21:47","guid":{"rendered":"https:\/\/sintesis.com.mx\/puebla\/?p=366713"},"modified":"2023-08-30T10:24:39","modified_gmt":"2023-08-30T16:24:39","slug":"promueve-congreso-del-estado","status":"publish","type":"post","link":"https:\/\/sintesis.com.mx\/puebla\/2023\/08\/25\/promueve-congreso-del-estado\/","title":{"rendered":"Promueve Congreso del Estado acceso a la salud para pueblos y comunidades ind\u00edgenas"},"content":{"rendered":"<p>En sesi\u00f3n de la Comisi\u00f3n Permanente de la LXI Legislatura del Congreso del Estado se dio cuenta del punto de acuerdo de la diputada Norma Sirley Reyes Cabrera, para exhortar a la Secretar\u00eda de Salud del Gobierno del Estado a que implemente jornadas de salud preventivas, curativas y de rehabilitaci\u00f3n en los pueblos y comunidades ind\u00edgenas que se encuentran en zonas de dif\u00edcil acceso y mayor marginaci\u00f3n dentro del territorio poblano.<\/p>\n<p><strong>En los resolutivos del punto de acuerdo se destaca que la salud es un derecho fundamental y todas las autoridades, en el \u00e1mbito de su competencia, deben promover el acceso a los servicios, sin distinci\u00f3n de raza, religi\u00f3n, ideolog\u00eda pol\u00edtica o condici\u00f3n econ\u00f3mica o social.<\/strong><\/p>\n<p>La Comisi\u00f3n Permanente tambi\u00e9n dio cuenta del punto de acuerdo de la diputada Eliana Ang\u00e9lica Cervantes Gonz\u00e1lez, para exhortar a la titular de la Secretar\u00eda de Salud, para que a trav\u00e9s de las Jurisdicciones Sanitarias y en coordinaci\u00f3n con los municipios que las conforman, en la medida presupuestaria, atiendan a las comunidades que hayan sido consideradas en a\u00f1os pasados como focos rojos en la transmisi\u00f3n del virus del dengue.<\/p>\n<p>Adem\u00e1s, que intensifiquen las capacitaciones y medidas como fumigaciones, campa\u00f1as de descacharrizaci\u00f3n, pl\u00e1ticas y dem\u00e1s acciones para contrarrestar la presencia y reproducci\u00f3n del mosco transmisor del dengue.<\/p>\n<p>Ambos puntos de acuerdo fueron turnados a la Comisi\u00f3n de Salud para su estudio y resoluci\u00f3n procedente.<\/p>\n<p><strong>Por otra parte, se dio cuenta del punto de acuerdo de la diputada Guadalupe Yamak Taja para exhortar a los 217 municipios a que, con motivo del \u201cD\u00eda Internacional de las Personas con Discapacidad\u201d el pr\u00f3ximo 3 de diciembre del a\u00f1o en curso, realicen una Sesi\u00f3n Especial de Cabildo, en la que como \u00fanico tema se tenga revisar las pol\u00edticas p\u00fablicas que desarrollan en favor de su poblaci\u00f3n con alguna discapacidad.<\/strong><\/p>\n<p>La legisladora propuso que los Ayuntamientos verifiquen su reglamentaci\u00f3n municipal, particularmente en materia de movilidad y seguridad vial, adem\u00e1s, revalorar los esfuerzos de las personas con discapacidad para integrarlas efectivamente al desarrollo municipal y estatal.<\/p>\n<p>El punto de acuerdo de la diputada fue turnado a las Comisiones Unidas de Asuntos Municipales y de Atenci\u00f3n a Personas con Discapacidad para su estudio y resoluci\u00f3n.<\/p>\n<p>Finalmente, se dio cuenta de la iniciativa del diputado Carlos Evangelista Aniceto para reformar el art\u00edculo 21 de la Ley de Protecci\u00f3n a las Personas Adultas Mayores para el Estado de Puebla, con el objetivo de promover la atenci\u00f3n preferencial a las Personas Adultas Mayores y sea proporcionada en instituciones bancarias, tiendas de autoservicio y otras empresas mercantiles.<\/p>\n<p>La iniciativa expone que, para tal efecto, la iniciativa privada deber\u00e1 implementar las acciones pertinentes para garantizar la orientaci\u00f3n en el uso de las tecnolog\u00edas de la informaci\u00f3n y comunicaci\u00f3n a fin de que las personas adultas mayores puedan realizar tr\u00e1mites digitales.<\/p>\n<p>La propuesta legislativa fue turnada a la Comisi\u00f3n de Grupos Vulnerables para su estudio y resoluci\u00f3n procedente.<\/p>\n","protected":false},"excerpt":{"rendered":"<p>En sesi\u00f3n de la Comisi\u00f3n Permanente de la LXI Legislatura del Congreso del Estado se dio cuenta del punto de acuerdo de la diputada Norma Sirley Reyes Cabrera, para exhortar a la Secretar\u00eda de Salud del Gobierno del Estado a que implemente jornadas de salud preventivas, curativas y de rehabilitaci\u00f3n en los pueblos y comunidades [&hellip;]<\/p>\n","protected":false},"author":26,"featured_media":366714,"comment_status":"open","ping_status":"open","sticky":false,"template":"","format":"standard","meta":{"footnotes":""},"categories":[83821],"tags":[1960,41,27,8254,23,8253,20668,40526],"yst_prominent_words":[29853,48459,48454,29898,37335,31328,32611,56598,30457,30133,40284,58973,58969,39410,31758,33567,58981,29745,34589],"class_list":["post-366713","post","type-post","status-publish","format-standard","has-post-thumbnail","hentry","category-congreso","tag-congreso-del-estado","tag-es-noticia","tag-hoyesnoticia","tag-hoyesnoticiaapp","tag-slide","tag-slideapp","tag-slider","tag-sliderapp"],"_links":{"self":[{"href":"https:\/\/sintesis.com.mx\/puebla\/wp-json\/wp\/v2\/posts\/366713"}],"collection":[{"href":"https:\/\/sintesis.com.mx\/puebla\/wp-json\/wp\/v2\/posts"}],"about":[{"href":"https:\/\/sintesis.com.mx\/puebla\/wp-json\/wp\/v2\/types\/post"}],"author":[{"embeddable":true,"href":"https:\/\/sintesis.com.mx\/puebla\/wp-json\/wp\/v2\/users\/26"}],"replies":[{"embeddable":true,"href":"https:\/\/sintesis.com.mx\/puebla\/wp-json\/wp\/v2\/comments?post=366713"}],"version-history":[{"count":1,"href":"https:\/\/sintesis.com.mx\/puebla\/wp-json\/wp\/v2\/posts\/366713\/revisions"}],"predecessor-version":[{"id":366715,"href":"https:\/\/sintesis.com.mx\/puebla\/wp-json\/wp\/v2\/posts\/366713\/revisions\/366715"}],"wp:featuredmedia":[{"embeddable":true,"href":"https:\/\/sintesis.com.mx\/puebla\/wp-json\/wp\/v2\/media\/366714"}],"wp:attachment":[{"href":"https:\/\/sintesis.com.mx\/puebla\/wp-json\/wp\/v2\/media?parent=366713"}],"wp:term":[{"taxonomy":"category","embeddable":true,"href":"https:\/\/sintesis.com.mx\/puebla\/wp-json\/wp\/v2\/categories?post=366713"},{"taxonomy":"post_tag","embeddable":true,"href":"https:\/\/sintesis.com.mx\/puebla\/wp-json\/wp\/v2\/tags?post=366713"},{"taxonomy":"yst_prominent_words","embeddable":true,"href":"https:\/\/sintesis.com.mx\/puebla\/wp-json\/wp\/v2\/yst_prominent_words?post=366713"}],"curies":[{"name":"wp","href":"https:\/\/api.w.org\/{rel}","templated":true}]}}