{"id":371582,"date":"2023-10-01T20:27:57","date_gmt":"2023-10-02T02:27:57","guid":{"rendered":"https:\/\/sintesis.com.mx\/puebla\/?p=371582"},"modified":"2023-10-01T20:27:57","modified_gmt":"2023-10-02T02:27:57","slug":"de-la-parra","status":"publish","type":"post","link":"https:\/\/sintesis.com.mx\/puebla\/2023\/10\/01\/de-la-parra\/","title":{"rendered":"De la Parra y Sierra, imponen condiciones"},"content":{"rendered":"<p class=\"x_MsoNormal\">Una carrera que levant\u00f3 al p\u00fablico de sus asientos fue la segunda de GTM Pro 1, donde hubo m\u00e1s golpes en la pista y fuera de ella, que en la pelea de \u201cCanelo\u201d con Charlo.<\/p>\n<p class=\"x_MsoNormal\"><strong>Los ganadores fueron nuevamente Jorge de la Parra y Jorge Sierra y detr\u00e1s de ellos cerraron fuerte Manuel Guti\u00e9rrez-Alex de Alba<\/strong>, para completar el podio Emiliano Richards-Pablo P\u00e9rez de Lara.<\/p>\n<p class=\"x_MsoNormal\">Uppercut, ganchos y todo tipo de golpes hubo en el circuito del Miguel E. Abed, raz\u00f3n por la cual tanto la organizaci\u00f3n como la Comisi\u00f3n Nacional de Pista, dijo que los resultados son extraoficiales.<\/p>\n<p class=\"x_MsoNormal\"><em><strong>\u201cFue un d\u00eda so\u00f1ado dos de dos y en una carrera espectacular, nosotros estamos afuera de todo lo que ocurri\u00f3 y sabemos que la victoria no tiene objeciones\u201d<\/strong><\/em>, expresaron los ganadores.<\/p>\n<p class=\"x_MsoNormal\">En la GTM Pro 2 los tres primeros lugares del podio fueron para Santos y Franco Zanella, Ir\u00e1n S\u00e1nchez y \u201cKeko\u201d P\u00e9rez-Juan Hern\u00e1ndez.<\/p>\n<p class=\"x_MsoNormal\">El vencedoren la GTM Light fue Christian Balderrama-Rafael Villaz\u00f3n, a quienes escoltaron V\u00edctor Barrales-Paul Jourdain y C\u00e9sar Jim\u00e9nez-Francisco G\u00f3mez.<\/p>\n<p><img loading=\"lazy\" decoding=\"async\" class=\"alignnone wp-image-371584 size-full\" src=\"https:\/\/sintesis.com.mx\/puebla\/wp-content\/uploads\/2023\/10\/gutierrez-de-alba-de-la-parra-sierra-richards-perez-de-lara-podio-GTM-carrera-2-scaled.jpg\" alt=\"\" width=\"2560\" height=\"1707\" srcset=\"https:\/\/sintesis.com.mx\/puebla\/wp-content\/uploads\/2023\/10\/gutierrez-de-alba-de-la-parra-sierra-richards-perez-de-lara-podio-GTM-carrera-2-scaled.jpg 2560w, https:\/\/sintesis.com.mx\/puebla\/wp-content\/uploads\/2023\/10\/gutierrez-de-alba-de-la-parra-sierra-richards-perez-de-lara-podio-GTM-carrera-2-300x200.jpg 300w, https:\/\/sintesis.com.mx\/puebla\/wp-content\/uploads\/2023\/10\/gutierrez-de-alba-de-la-parra-sierra-richards-perez-de-lara-podio-GTM-carrera-2-1024x683.jpg 1024w, https:\/\/sintesis.com.mx\/puebla\/wp-content\/uploads\/2023\/10\/gutierrez-de-alba-de-la-parra-sierra-richards-perez-de-lara-podio-GTM-carrera-2-768x512.jpg 768w, https:\/\/sintesis.com.mx\/puebla\/wp-content\/uploads\/2023\/10\/gutierrez-de-alba-de-la-parra-sierra-richards-perez-de-lara-podio-GTM-carrera-2-1536x1024.jpg 1536w, https:\/\/sintesis.com.mx\/puebla\/wp-content\/uploads\/2023\/10\/gutierrez-de-alba-de-la-parra-sierra-richards-perez-de-lara-podio-GTM-carrera-2-2048x1365.jpg 2048w, https:\/\/sintesis.com.mx\/puebla\/wp-content\/uploads\/2023\/10\/gutierrez-de-alba-de-la-parra-sierra-richards-perez-de-lara-podio-GTM-carrera-2-696x464.jpg 696w, https:\/\/sintesis.com.mx\/puebla\/wp-content\/uploads\/2023\/10\/gutierrez-de-alba-de-la-parra-sierra-richards-perez-de-lara-podio-GTM-carrera-2-1068x712.jpg 1068w, https:\/\/sintesis.com.mx\/puebla\/wp-content\/uploads\/2023\/10\/gutierrez-de-alba-de-la-parra-sierra-richards-perez-de-lara-podio-GTM-carrera-2-630x420.jpg 630w\" sizes=\"(max-width: 2560px) 100vw, 2560px\" \/><\/p>\n","protected":false},"excerpt":{"rendered":"<p>Una carrera que levant\u00f3 al p\u00fablico de sus asientos fue la segunda de GTM Pro 1, donde hubo m\u00e1s golpes en la pista y fuera de ella, que en la pelea de \u201cCanelo\u201d con Charlo. Los ganadores fueron nuevamente Jorge de la Parra y Jorge Sierra y detr\u00e1s de ellos cerraron fuerte Manuel Guti\u00e9rrez-Alex de [&hellip;]<\/p>\n","protected":false},"author":6,"featured_media":371583,"comment_status":"open","ping_status":"open","sticky":false,"template":"","format":"standard","meta":{"footnotes":""},"categories":[4],"tags":[5698,65487,41,18,27360],"yst_prominent_words":[30021,30081,33158,35835,53145,60640],"class_list":["post-371582","post","type-post","status-publish","format-standard","has-post-thumbnail","hentry","category-deportes","tag-autodromo-miguel-e-abed","tag-carreras","tag-es-noticia","tag-puebla","tag-super-copa"],"_links":{"self":[{"href":"https:\/\/sintesis.com.mx\/puebla\/wp-json\/wp\/v2\/posts\/371582"}],"collection":[{"href":"https:\/\/sintesis.com.mx\/puebla\/wp-json\/wp\/v2\/posts"}],"about":[{"href":"https:\/\/sintesis.com.mx\/puebla\/wp-json\/wp\/v2\/types\/post"}],"author":[{"embeddable":true,"href":"https:\/\/sintesis.com.mx\/puebla\/wp-json\/wp\/v2\/users\/6"}],"replies":[{"embeddable":true,"href":"https:\/\/sintesis.com.mx\/puebla\/wp-json\/wp\/v2\/comments?post=371582"}],"version-history":[{"count":3,"href":"https:\/\/sintesis.com.mx\/puebla\/wp-json\/wp\/v2\/posts\/371582\/revisions"}],"predecessor-version":[{"id":371589,"href":"https:\/\/sintesis.com.mx\/puebla\/wp-json\/wp\/v2\/posts\/371582\/revisions\/371589"}],"wp:featuredmedia":[{"embeddable":true,"href":"https:\/\/sintesis.com.mx\/puebla\/wp-json\/wp\/v2\/media\/371583"}],"wp:attachment":[{"href":"https:\/\/sintesis.com.mx\/puebla\/wp-json\/wp\/v2\/media?parent=371582"}],"wp:term":[{"taxonomy":"category","embeddable":true,"href":"https:\/\/sintesis.com.mx\/puebla\/wp-json\/wp\/v2\/categories?post=371582"},{"taxonomy":"post_tag","embeddable":true,"href":"https:\/\/sintesis.com.mx\/puebla\/wp-json\/wp\/v2\/tags?post=371582"},{"taxonomy":"yst_prominent_words","embeddable":true,"href":"https:\/\/sintesis.com.mx\/puebla\/wp-json\/wp\/v2\/yst_prominent_words?post=371582"}],"curies":[{"name":"wp","href":"https:\/\/api.w.org\/{rel}","templated":true}]}}