{"id":373772,"date":"2023-10-16T14:49:49","date_gmt":"2023-10-16T20:49:49","guid":{"rendered":"https:\/\/sintesis.com.mx\/puebla\/?p=373772"},"modified":"2023-10-16T14:49:49","modified_gmt":"2023-10-16T20:49:49","slug":"patrick-dempsey-puebla","status":"publish","type":"post","link":"https:\/\/sintesis.com.mx\/puebla\/2023\/10\/16\/patrick-dempsey-puebla\/","title":{"rendered":"Patrick Dempsey estuvo en Puebla"},"content":{"rendered":"<p>El actor <strong>Patrick Dempsey<\/strong>, mejor conocido por su trabajo en la serie <strong>\u00abGrey\u2019s Anatomy<\/strong>\u00bb o la cinta \u201cEncantada\u201d, estuvo en Puebla como parte de la Carrera Panamericana, lo cual le permiti\u00f3 pasar y detenerse por algunos municipios del estado en el primer d\u00eda de actividades de dicho deporte que practica desde hace varios a\u00f1os.<\/p>\n<p><strong>Fue el pasado 13 de octubre, cuando arranc\u00f3 la Carrera Panamericana en su primera etapa en la que recorri\u00f3 la\u00a0ruta de Veracruz-Oaxaca.<\/strong><\/p>\n<p>Cuando se anunci\u00f3 la Carrera Panameriacana se dec\u00eda que era poco probable que el actor\u00a0Patrick Dempsey pasara por algunos municipios de Puebla;\u00a0sin embargo, los habitantes de Chapulco y Tehuac\u00e1n se sorprendieron al verlo.<\/p>\n<p>El primero en recibirlo fue el municipio de\u00a0Chapulco, ubicado al sur de la entidad donde baj\u00f3 y se tom\u00f3 fotograf\u00edas con varios habitantes, incluso entr\u00f3 a una tienda donde la due\u00f1a no dej\u00f3 pasar la oportunidad de tomar la foto del recuerdo.<\/p>\n<p>En un video compartido en redes sociales se puede ver el\u00a0momento en que se toma una foto con dos ni\u00f1os,\u00a0a quienes les regal\u00f3 una gorra y los subi\u00f3 a su auto, mientras en la parte trasera aparece de fondo el arco que da la bienvenida a Chapulco.<\/p>\n<p>En tanto en la zona del valle de Tehuac\u00e1n, el auto conduc\u00eda el estadounidense tambi\u00e9n pas\u00f3; sin embargo, no se sabe si tuvo\u00a0alguna parada ah\u00ed como parte de la competencia.<\/p>\n<p><strong>No obstante, los usuarios lograron captar al actor en\u00a0medio del tr\u00e1fico en una calle de Tehuac\u00e1n\u00a0cuando la gente lo reconoci\u00f3 y el los salud\u00f3 sacando la mano del auto.<\/strong><\/p>\n<!--[if lt IE 9]><script>document.createElement('video');<\/script><![endif]-->\n\t<div class=\"wp-playlist wp-video-playlist wp-playlist-light\">\n\t\t<video controls=\"controls\" preload=\"none\" width=\"618\"\n\t\t height=\"1099\"\t><\/video>\n\t<div class=\"wp-playlist-next\"><\/div>\n\t<div class=\"wp-playlist-prev\"><\/div>\n\t<noscript>\n\t<ol>\n\t\t<li><a href='https:\/\/sintesis.com.mx\/puebla\/wp-content\/uploads\/2023\/10\/ssstik.io_1697489082925.mp4'>ssstik.io_1697489082925<\/a><\/li>\t<\/ol>\n\t<\/noscript>\n\t<script type=\"application\/json\" class=\"wp-playlist-script\">{\"type\":\"video\",\"tracklist\":true,\"tracknumbers\":true,\"images\":true,\"artists\":true,\"tracks\":[{\"src\":\"https:\\\/\\\/sintesis.com.mx\\\/puebla\\\/wp-content\\\/uploads\\\/2023\\\/10\\\/ssstik.io_1697489082925.mp4\",\"type\":\"video\\\/mp4\",\"title\":\"ssstik.io_1697489082925\",\"caption\":\"\",\"description\":\"\",\"meta\":{\"length_formatted\":\"0:21\"},\"dimensions\":{\"original\":{\"width\":576,\"height\":1024},\"resized\":{\"width\":618,\"height\":1099}},\"image\":{\"src\":\"https:\\\/\\\/sintesis.com.mx\\\/puebla\\\/wp-includes\\\/images\\\/media\\\/video.svg\",\"width\":48,\"height\":64},\"thumb\":{\"src\":\"https:\\\/\\\/sintesis.com.mx\\\/puebla\\\/wp-includes\\\/images\\\/media\\\/video.svg\",\"width\":48,\"height\":64}}]}<\/script>\n<\/div>\n\t\n","protected":false},"excerpt":{"rendered":"<p>El actor Patrick Dempsey, mejor conocido por su trabajo en la serie \u00abGrey\u2019s Anatomy\u00bb o la cinta \u201cEncantada\u201d, estuvo en Puebla como parte de la Carrera Panamericana, lo cual le permiti\u00f3 pasar y detenerse por algunos municipios del estado en el primer d\u00eda de actividades de dicho deporte que practica desde hace varios a\u00f1os. Fue [&hellip;]<\/p>\n","protected":false},"author":26,"featured_media":373776,"comment_status":"open","ping_status":"open","sticky":false,"template":"","format":"standard","meta":{"footnotes":""},"categories":[72264],"tags":[86790,18,23,8253,20668,40526,9182],"yst_prominent_words":[31316,30021,41290,30205,48116,30081,30066,30803,39445,29562,29817,33878],"class_list":["post-373772","post","type-post","status-publish","format-standard","has-post-thumbnail","hentry","category-viral","tag-patrick-dempsey","tag-puebla","tag-slide","tag-slideapp","tag-slider","tag-sliderapp","tag-viral"],"_links":{"self":[{"href":"https:\/\/sintesis.com.mx\/puebla\/wp-json\/wp\/v2\/posts\/373772"}],"collection":[{"href":"https:\/\/sintesis.com.mx\/puebla\/wp-json\/wp\/v2\/posts"}],"about":[{"href":"https:\/\/sintesis.com.mx\/puebla\/wp-json\/wp\/v2\/types\/post"}],"author":[{"embeddable":true,"href":"https:\/\/sintesis.com.mx\/puebla\/wp-json\/wp\/v2\/users\/26"}],"replies":[{"embeddable":true,"href":"https:\/\/sintesis.com.mx\/puebla\/wp-json\/wp\/v2\/comments?post=373772"}],"version-history":[{"count":1,"href":"https:\/\/sintesis.com.mx\/puebla\/wp-json\/wp\/v2\/posts\/373772\/revisions"}],"predecessor-version":[{"id":373777,"href":"https:\/\/sintesis.com.mx\/puebla\/wp-json\/wp\/v2\/posts\/373772\/revisions\/373777"}],"wp:featuredmedia":[{"embeddable":true,"href":"https:\/\/sintesis.com.mx\/puebla\/wp-json\/wp\/v2\/media\/373776"}],"wp:attachment":[{"href":"https:\/\/sintesis.com.mx\/puebla\/wp-json\/wp\/v2\/media?parent=373772"}],"wp:term":[{"taxonomy":"category","embeddable":true,"href":"https:\/\/sintesis.com.mx\/puebla\/wp-json\/wp\/v2\/categories?post=373772"},{"taxonomy":"post_tag","embeddable":true,"href":"https:\/\/sintesis.com.mx\/puebla\/wp-json\/wp\/v2\/tags?post=373772"},{"taxonomy":"yst_prominent_words","embeddable":true,"href":"https:\/\/sintesis.com.mx\/puebla\/wp-json\/wp\/v2\/yst_prominent_words?post=373772"}],"curies":[{"name":"wp","href":"https:\/\/api.w.org\/{rel}","templated":true}]}}