{"id":382495,"date":"2023-12-11T16:46:38","date_gmt":"2023-12-11T22:46:38","guid":{"rendered":"https:\/\/sintesis.com.mx\/puebla\/?p=382495"},"modified":"2023-12-11T17:13:44","modified_gmt":"2023-12-11T23:13:44","slug":"en-spc-nos","status":"publish","type":"post","link":"https:\/\/sintesis.com.mx\/puebla\/2023\/12\/11\/en-spc-nos\/","title":{"rendered":"En SPC nos sumamos a la regularizaci\u00f3n de horarios: Angon Silva"},"content":{"rendered":"<p>La <strong>presidenta municipal de San Pedro Cholula, Paola Angon Silva<\/strong> se\u00f1al\u00f3 que esta ciudad sagrada ha comenzado con las pl\u00e1ticas con due\u00f1os de antros y bares para que acaten el nuevo horario de cierre, y se\u00f1al\u00f3 se sumar\u00e1n a cualquier medida que abone para garantizar la seguridad de quienes acuden a estos espacios.<\/p>\n<p>En la entrevista realizada durante \u201cDe Frente a Cholula\u201d la alcaldesa cholulteca refiri\u00f3 que estar\u00e1n homologados a este horario determinado por el gobierno del estado y donde se efectuaron mesas de trabajo con diferentes actores para dar mayor seguridad a quienes acuden.<\/p>\n<blockquote class=\"twitter-tweet\" data-width=\"550\" data-dnt=\"true\">\n<p lang=\"es\" dir=\"ltr\">\ud83d\udde3\ufe0f|| En <a href=\"https:\/\/twitter.com\/GobiernoCholula?ref_src=twsrc%5Etfw\">@GobiernoCholula<\/a> nos sumamos a los horarios de cierre de antros y bares informa <a href=\"https:\/\/twitter.com\/Paola_Angon?ref_src=twsrc%5Etfw\">@Paola_Angon<\/a>.<a href=\"https:\/\/twitter.com\/reporpue11?ref_src=twsrc%5Etfw\">@reporpue11<\/a> \ud83d\udcf9 <a href=\"https:\/\/t.co\/ojzOj0NLaf\">pic.twitter.com\/ojzOj0NLaf<\/a><\/p>\n<p>&mdash; S\u00edntesis Puebla (@sintesisweb) <a href=\"https:\/\/twitter.com\/sintesisweb\/status\/1734335938195575063?ref_src=twsrc%5Etfw\">December 11, 2023<\/a><\/p><\/blockquote>\n<p><script async src=\"https:\/\/platform.twitter.com\/widgets.js\" charset=\"utf-8\"><\/script><\/p>\n<p>Indic\u00f3 que el \u00e1rea de gobernaci\u00f3n municipal y de normatividad est\u00e1n teniendo el acercamiento con todos los due\u00f1os y empresarios que tienen un establecimiento de este tipo, a fin de que se respete el horario determinado.<\/p>\n<p><em><strong>\u201cEstamos sumados a la regularizaci\u00f3n de horarios en la zona metropolitana\u201d<\/strong><\/em>. Cabe destacar que esta propuesta deber\u00e1n aprobarla los legisladores del Congreso del Estado y deber\u00e1 publicarse, de esta manera todos los antros y bares de la zona metropolitana quedar\u00e1n homologados.<\/p>\n","protected":false},"excerpt":{"rendered":"<p>La presidenta municipal de San Pedro Cholula, Paola Angon Silva se\u00f1al\u00f3 que esta ciudad sagrada ha comenzado con las pl\u00e1ticas con due\u00f1os de antros y bares para que acaten el nuevo horario de cierre, y se\u00f1al\u00f3 se sumar\u00e1n a cualquier medida que abone para garantizar la seguridad de quienes acuden a estos espacios. En la [&hellip;]<\/p>\n","protected":false},"author":6,"featured_media":382486,"comment_status":"open","ping_status":"open","sticky":false,"template":"","format":"standard","meta":{"footnotes":""},"categories":[12,8,9],"tags":[86759,71619,18,437],"yst_prominent_words":[38626,36676,36162,30798,65461,30816,48303,36520,29816,29580,31548,29675,32101],"class_list":["post-382495","post","type-post","status-publish","format-standard","has-post-thumbnail","hentry","category-cholula","category-hoyesnoticia","category-municipios","tag-horario-de-antros-y-bares","tag-paola-angon-silva","tag-puebla","tag-san-pedro-cholula"],"_links":{"self":[{"href":"https:\/\/sintesis.com.mx\/puebla\/wp-json\/wp\/v2\/posts\/382495"}],"collection":[{"href":"https:\/\/sintesis.com.mx\/puebla\/wp-json\/wp\/v2\/posts"}],"about":[{"href":"https:\/\/sintesis.com.mx\/puebla\/wp-json\/wp\/v2\/types\/post"}],"author":[{"embeddable":true,"href":"https:\/\/sintesis.com.mx\/puebla\/wp-json\/wp\/v2\/users\/6"}],"replies":[{"embeddable":true,"href":"https:\/\/sintesis.com.mx\/puebla\/wp-json\/wp\/v2\/comments?post=382495"}],"version-history":[{"count":3,"href":"https:\/\/sintesis.com.mx\/puebla\/wp-json\/wp\/v2\/posts\/382495\/revisions"}],"predecessor-version":[{"id":382499,"href":"https:\/\/sintesis.com.mx\/puebla\/wp-json\/wp\/v2\/posts\/382495\/revisions\/382499"}],"wp:featuredmedia":[{"embeddable":true,"href":"https:\/\/sintesis.com.mx\/puebla\/wp-json\/wp\/v2\/media\/382486"}],"wp:attachment":[{"href":"https:\/\/sintesis.com.mx\/puebla\/wp-json\/wp\/v2\/media?parent=382495"}],"wp:term":[{"taxonomy":"category","embeddable":true,"href":"https:\/\/sintesis.com.mx\/puebla\/wp-json\/wp\/v2\/categories?post=382495"},{"taxonomy":"post_tag","embeddable":true,"href":"https:\/\/sintesis.com.mx\/puebla\/wp-json\/wp\/v2\/tags?post=382495"},{"taxonomy":"yst_prominent_words","embeddable":true,"href":"https:\/\/sintesis.com.mx\/puebla\/wp-json\/wp\/v2\/yst_prominent_words?post=382495"}],"curies":[{"name":"wp","href":"https:\/\/api.w.org\/{rel}","templated":true}]}}