{"id":383007,"date":"2023-12-14T12:40:37","date_gmt":"2023-12-14T18:40:37","guid":{"rendered":"https:\/\/sintesis.com.mx\/puebla\/?p=383007"},"modified":"2023-12-14T12:47:14","modified_gmt":"2023-12-14T18:47:14","slug":"unidad-conciliacion-gasto","status":"publish","type":"post","link":"https:\/\/sintesis.com.mx\/puebla\/2023\/12\/14\/unidad-conciliacion-gasto\/","title":{"rendered":"Con unidad, conciliaci\u00f3n y gasto responsable, Gobierno Estatal construye un mejor Puebla: Sergio Salom\u00f3n"},"content":{"rendered":"<p><strong>Con unidad, conciliaci\u00f3n, gasto responsable y apegado a Derecho, el gobierno estatal construye un mejor Puebla para que las actuales y siguientes generaciones de poblanas y poblanos tengan un desarrollo integral pleno, expuso el gobernador Sergio Salom\u00f3n al entregar su Informe de Gobierno al Pleno del Congreso local.<\/strong><\/p>\n<p><strong><img loading=\"lazy\" decoding=\"async\" class=\"size-medium wp-image-383017 alignright\" src=\"https:\/\/sintesis.com.mx\/puebla\/wp-content\/uploads\/2023\/12\/WhatsApp-Image-2023-12-14-at-12.41.38-PM-2-300x219.jpeg\" alt=\"\" width=\"300\" height=\"219\" srcset=\"https:\/\/sintesis.com.mx\/puebla\/wp-content\/uploads\/2023\/12\/WhatsApp-Image-2023-12-14-at-12.41.38-PM-2-300x219.jpeg 300w, https:\/\/sintesis.com.mx\/puebla\/wp-content\/uploads\/2023\/12\/WhatsApp-Image-2023-12-14-at-12.41.38-PM-2-1024x749.jpeg 1024w, https:\/\/sintesis.com.mx\/puebla\/wp-content\/uploads\/2023\/12\/WhatsApp-Image-2023-12-14-at-12.41.38-PM-2-768x562.jpeg 768w, https:\/\/sintesis.com.mx\/puebla\/wp-content\/uploads\/2023\/12\/WhatsApp-Image-2023-12-14-at-12.41.38-PM-2-1536x1124.jpeg 1536w, https:\/\/sintesis.com.mx\/puebla\/wp-content\/uploads\/2023\/12\/WhatsApp-Image-2023-12-14-at-12.41.38-PM-2-2048x1498.jpeg 2048w, https:\/\/sintesis.com.mx\/puebla\/wp-content\/uploads\/2023\/12\/WhatsApp-Image-2023-12-14-at-12.41.38-PM-2-324x235.jpeg 324w, https:\/\/sintesis.com.mx\/puebla\/wp-content\/uploads\/2023\/12\/WhatsApp-Image-2023-12-14-at-12.41.38-PM-2-696x509.jpeg 696w, https:\/\/sintesis.com.mx\/puebla\/wp-content\/uploads\/2023\/12\/WhatsApp-Image-2023-12-14-at-12.41.38-PM-2-1068x781.jpeg 1068w, https:\/\/sintesis.com.mx\/puebla\/wp-content\/uploads\/2023\/12\/WhatsApp-Image-2023-12-14-at-12.41.38-PM-2-574x420.jpeg 574w\" sizes=\"(max-width: 300px) 100vw, 300px\" \/><\/strong>En su mensaje, <strong>el titular del Ejecutivo recalc\u00f3 que su administraci\u00f3n ha invertido en todos los rubros<\/strong>; sin embargo, ha habido puntual atenci\u00f3n en materia de seguridad para que las familias poblanas puedan vivir tranquilamente.<\/p>\n<p>&nbsp;<\/p>\n<p><strong><img loading=\"lazy\" decoding=\"async\" class=\" wp-image-383013 alignleft\" src=\"https:\/\/sintesis.com.mx\/puebla\/wp-content\/uploads\/2023\/12\/WhatsApp-Image-2023-12-14-at-12.41.39-PM-2-300x231.jpeg\" alt=\"\" width=\"356\" height=\"274\" srcset=\"https:\/\/sintesis.com.mx\/puebla\/wp-content\/uploads\/2023\/12\/WhatsApp-Image-2023-12-14-at-12.41.39-PM-2-300x231.jpeg 300w, https:\/\/sintesis.com.mx\/puebla\/wp-content\/uploads\/2023\/12\/WhatsApp-Image-2023-12-14-at-12.41.39-PM-2-1024x788.jpeg 1024w, https:\/\/sintesis.com.mx\/puebla\/wp-content\/uploads\/2023\/12\/WhatsApp-Image-2023-12-14-at-12.41.39-PM-2-768x591.jpeg 768w, https:\/\/sintesis.com.mx\/puebla\/wp-content\/uploads\/2023\/12\/WhatsApp-Image-2023-12-14-at-12.41.39-PM-2-1536x1182.jpeg 1536w, https:\/\/sintesis.com.mx\/puebla\/wp-content\/uploads\/2023\/12\/WhatsApp-Image-2023-12-14-at-12.41.39-PM-2-2048x1576.jpeg 2048w, https:\/\/sintesis.com.mx\/puebla\/wp-content\/uploads\/2023\/12\/WhatsApp-Image-2023-12-14-at-12.41.39-PM-2-696x536.jpeg 696w, https:\/\/sintesis.com.mx\/puebla\/wp-content\/uploads\/2023\/12\/WhatsApp-Image-2023-12-14-at-12.41.39-PM-2-1068x822.jpeg 1068w, https:\/\/sintesis.com.mx\/puebla\/wp-content\/uploads\/2023\/12\/WhatsApp-Image-2023-12-14-at-12.41.39-PM-2-546x420.jpeg 546w\" sizes=\"(max-width: 356px) 100vw, 356px\" \/><\/strong><\/p>\n<p>&nbsp;<\/p>\n<p>Asimismo, dijo que hoy Puebla cuenta con un <strong>Gobierno del Estado que ejerce sus funciones apegado a la ley, con respeto a los Derechos Humanos y a la igualdad sustantiva<\/strong>, bajo la premisa de usar el di\u00e1logo como fuente inagotable para atender las necesidades de la poblaci\u00f3n y solucionar conflictos.<\/p>\n<p>&nbsp;<\/p>\n<p><strong><img loading=\"lazy\" decoding=\"async\" class=\"size-medium wp-image-383016 alignright\" src=\"https:\/\/sintesis.com.mx\/puebla\/wp-content\/uploads\/2023\/12\/WhatsApp-Image-2023-12-14-at-12.41.38-PM-3-200x300.jpeg\" alt=\"\" width=\"200\" height=\"300\" srcset=\"https:\/\/sintesis.com.mx\/puebla\/wp-content\/uploads\/2023\/12\/WhatsApp-Image-2023-12-14-at-12.41.38-PM-3-200x300.jpeg 200w, https:\/\/sintesis.com.mx\/puebla\/wp-content\/uploads\/2023\/12\/WhatsApp-Image-2023-12-14-at-12.41.38-PM-3-681x1024.jpeg 681w, https:\/\/sintesis.com.mx\/puebla\/wp-content\/uploads\/2023\/12\/WhatsApp-Image-2023-12-14-at-12.41.38-PM-3-768x1154.jpeg 768w, https:\/\/sintesis.com.mx\/puebla\/wp-content\/uploads\/2023\/12\/WhatsApp-Image-2023-12-14-at-12.41.38-PM-3-1022x1536.jpeg 1022w, https:\/\/sintesis.com.mx\/puebla\/wp-content\/uploads\/2023\/12\/WhatsApp-Image-2023-12-14-at-12.41.38-PM-3-1362x2048.jpeg 1362w, https:\/\/sintesis.com.mx\/puebla\/wp-content\/uploads\/2023\/12\/WhatsApp-Image-2023-12-14-at-12.41.38-PM-3-696x1046.jpeg 696w, https:\/\/sintesis.com.mx\/puebla\/wp-content\/uploads\/2023\/12\/WhatsApp-Image-2023-12-14-at-12.41.38-PM-3-1068x1605.jpeg 1068w, https:\/\/sintesis.com.mx\/puebla\/wp-content\/uploads\/2023\/12\/WhatsApp-Image-2023-12-14-at-12.41.38-PM-3-279x420.jpeg 279w, https:\/\/sintesis.com.mx\/puebla\/wp-content\/uploads\/2023\/12\/WhatsApp-Image-2023-12-14-at-12.41.38-PM-3.jpeg 1703w\" sizes=\"(max-width: 200px) 100vw, 200px\" \/><\/strong><\/p>\n<p>Tras los hechos ocurridos el a\u00f1o anterior, <strong>el gobernador reconoci\u00f3 a las y los diputados locales por actuar con responsabilidad para que Puebla avanzara, con unidad, sin distingo alguno y para cambiar las vidas de las y los poblanos que m\u00e1s necesitan<\/strong>. Reiter\u00f3 la disposici\u00f3n de su administraci\u00f3n de seguir con las puertas abiertas para atender con objetividad las demandas del Poder Legislativo, as\u00ed como las \u00e1reas de oportunidad en beneficio de las siguientes generaciones.<\/p>\n<p>&nbsp;<\/p>\n<p><strong><img loading=\"lazy\" decoding=\"async\" class=\" wp-image-383014 alignleft\" src=\"https:\/\/sintesis.com.mx\/puebla\/wp-content\/uploads\/2023\/12\/WhatsApp-Image-2023-12-14-at-12.41.39-PM-1-300x200.jpeg\" alt=\"\" width=\"371\" height=\"247\" srcset=\"https:\/\/sintesis.com.mx\/puebla\/wp-content\/uploads\/2023\/12\/WhatsApp-Image-2023-12-14-at-12.41.39-PM-1-300x200.jpeg 300w, https:\/\/sintesis.com.mx\/puebla\/wp-content\/uploads\/2023\/12\/WhatsApp-Image-2023-12-14-at-12.41.39-PM-1-1024x681.jpeg 1024w, https:\/\/sintesis.com.mx\/puebla\/wp-content\/uploads\/2023\/12\/WhatsApp-Image-2023-12-14-at-12.41.39-PM-1-768x511.jpeg 768w, https:\/\/sintesis.com.mx\/puebla\/wp-content\/uploads\/2023\/12\/WhatsApp-Image-2023-12-14-at-12.41.39-PM-1-1536x1022.jpeg 1536w, https:\/\/sintesis.com.mx\/puebla\/wp-content\/uploads\/2023\/12\/WhatsApp-Image-2023-12-14-at-12.41.39-PM-1-2048x1362.jpeg 2048w, https:\/\/sintesis.com.mx\/puebla\/wp-content\/uploads\/2023\/12\/WhatsApp-Image-2023-12-14-at-12.41.39-PM-1-696x463.jpeg 696w, https:\/\/sintesis.com.mx\/puebla\/wp-content\/uploads\/2023\/12\/WhatsApp-Image-2023-12-14-at-12.41.39-PM-1-1068x710.jpeg 1068w, https:\/\/sintesis.com.mx\/puebla\/wp-content\/uploads\/2023\/12\/WhatsApp-Image-2023-12-14-at-12.41.39-PM-1-631x420.jpeg 631w\" sizes=\"(max-width: 371px) 100vw, 371px\" \/><\/strong><\/p>\n<p>&nbsp;<\/p>\n<p><strong>Exhort\u00f3 a las y los integrantes del Congreso local, as\u00ed como a las fuerzas pol\u00edticas que representan, a continuar con un trabajo unido y no generar divisiones que vulneren el progreso y bienestar en Puebla<\/strong>, el cual debe ser prioridad para quienes ejercen un cargo p\u00fablico.<\/p>\n","protected":false},"excerpt":{"rendered":"<p>Con unidad, conciliaci\u00f3n, gasto responsable y apegado a Derecho, el gobierno estatal construye un mejor Puebla para que las actuales y siguientes generaciones de poblanas y poblanos tengan un desarrollo integral pleno, expuso el gobernador Sergio Salom\u00f3n al entregar su Informe de Gobierno al Pleno del Congreso local. En su mensaje, el titular del Ejecutivo [&hellip;]<\/p>\n","protected":false},"author":26,"featured_media":383011,"comment_status":"open","ping_status":"open","sticky":false,"template":"","format":"standard","meta":{"footnotes":""},"categories":[72262],"tags":[41,27,8254,8253],"yst_prominent_words":[29585,54842,32188,29787,60594,33506,29567,29786,29789,30899,38309,31433,29562,35989,29784],"class_list":["post-383007","post","type-post","status-publish","format-standard","has-post-thumbnail","hentry","category-gobierno","tag-es-noticia","tag-hoyesnoticia","tag-hoyesnoticiaapp","tag-slideapp"],"_links":{"self":[{"href":"https:\/\/sintesis.com.mx\/puebla\/wp-json\/wp\/v2\/posts\/383007"}],"collection":[{"href":"https:\/\/sintesis.com.mx\/puebla\/wp-json\/wp\/v2\/posts"}],"about":[{"href":"https:\/\/sintesis.com.mx\/puebla\/wp-json\/wp\/v2\/types\/post"}],"author":[{"embeddable":true,"href":"https:\/\/sintesis.com.mx\/puebla\/wp-json\/wp\/v2\/users\/26"}],"replies":[{"embeddable":true,"href":"https:\/\/sintesis.com.mx\/puebla\/wp-json\/wp\/v2\/comments?post=383007"}],"version-history":[{"count":3,"href":"https:\/\/sintesis.com.mx\/puebla\/wp-json\/wp\/v2\/posts\/383007\/revisions"}],"predecessor-version":[{"id":383021,"href":"https:\/\/sintesis.com.mx\/puebla\/wp-json\/wp\/v2\/posts\/383007\/revisions\/383021"}],"wp:featuredmedia":[{"embeddable":true,"href":"https:\/\/sintesis.com.mx\/puebla\/wp-json\/wp\/v2\/media\/383011"}],"wp:attachment":[{"href":"https:\/\/sintesis.com.mx\/puebla\/wp-json\/wp\/v2\/media?parent=383007"}],"wp:term":[{"taxonomy":"category","embeddable":true,"href":"https:\/\/sintesis.com.mx\/puebla\/wp-json\/wp\/v2\/categories?post=383007"},{"taxonomy":"post_tag","embeddable":true,"href":"https:\/\/sintesis.com.mx\/puebla\/wp-json\/wp\/v2\/tags?post=383007"},{"taxonomy":"yst_prominent_words","embeddable":true,"href":"https:\/\/sintesis.com.mx\/puebla\/wp-json\/wp\/v2\/yst_prominent_words?post=383007"}],"curies":[{"name":"wp","href":"https:\/\/api.w.org\/{rel}","templated":true}]}}