{"id":388080,"date":"2024-01-26T10:21:12","date_gmt":"2024-01-26T16:21:12","guid":{"rendered":"https:\/\/sintesis.com.mx\/puebla\/?p=388080"},"modified":"2024-01-26T10:21:12","modified_gmt":"2024-01-26T16:21:12","slug":"impulsan-deporte-colaboradores","status":"publish","type":"post","link":"https:\/\/sintesis.com.mx\/puebla\/2024\/01\/26\/impulsan-deporte-colaboradores\/","title":{"rendered":"Impulsan deporte entre colaboradores de la administraci\u00f3n estatal"},"content":{"rendered":"<p>Para continuar con el fomento del deporte entre colaboradoras y colaboradores de la administraci\u00f3n estatal, el gobierno presente de Sergio Salom\u00f3n, a trav\u00e9s del Instituto Poblano del Deporte (INPODE), exhorta a secretar\u00edas y organismos p\u00fablicos descentralizados a participar en el segundo<strong> \u201cTorneo Interno de Futbol 7\u20132024\u201d.<\/strong><\/p>\n<p>La titular del organismo, Yadira Lira Navarro resalt\u00f3 que, para esta edici\u00f3n, se desarrollar\u00e1n dos fases: la primera consiste en jugar eliminatorias entre secretar\u00edas que tengan de dos o m\u00e1s equipos registrados por dependencia, esto con la finalidad de sacar a un representativo absoluto para as\u00ed, dar continuidad a la segunda etapa que iniciar\u00e1 a partir del 04 de marzo.<\/p>\n<p>Explic\u00f3 que esta liga se desarrollar\u00e1 fuera del horario laboral (a partir de las 19:00 horas) con la finalidad de no interrumpir actividades administrativas de cada dependencia. Asimismo, a\u00f1adi\u00f3 que los encuentros tendr\u00e1n como sede las canchas de las unidades \u201cParque Ecol\u00f3gico\u201d y \u201cLa Noria\u201d.<\/p>\n<p>Las y los interesados en participar tienen hasta el 02 de febrero para registrarse, por lo que invit\u00f3 a consultar la convocatoria a trav\u00e9s de la p\u00e1gina www.inpode.mx o contactar al coordinador del torneo, Mario Lim\u00f3n Garc\u00eda en el n\u00famero 221 160 0439.<\/p>\n","protected":false},"excerpt":{"rendered":"<p>Para continuar con el fomento del deporte entre colaboradoras y colaboradores de la administraci\u00f3n estatal, el gobierno presente de Sergio Salom\u00f3n, a trav\u00e9s del Instituto Poblano del Deporte (INPODE), exhorta a secretar\u00edas y organismos p\u00fablicos descentralizados a participar en el segundo \u201cTorneo Interno de Futbol 7\u20132024\u201d. La titular del organismo, Yadira Lira Navarro resalt\u00f3 que, [&hellip;]<\/p>\n","protected":false},"author":6,"featured_media":388081,"comment_status":"open","ping_status":"open","sticky":false,"template":"","format":"standard","meta":{"footnotes":""},"categories":[4],"tags":[19096,18,23,8253,20668,40526,85278,16881],"yst_prominent_words":[30150,30025,32968,33057,33238,30219,35330,30142],"class_list":["post-388080","post","type-post","status-publish","format-standard","has-post-thumbnail","hentry","category-deportes","tag-dependencias-estatales","tag-puebla","tag-slide","tag-slideapp","tag-slider","tag-sliderapp","tag-torneo-de-futbol","tag-yadira-lira-navarro"],"_links":{"self":[{"href":"https:\/\/sintesis.com.mx\/puebla\/wp-json\/wp\/v2\/posts\/388080"}],"collection":[{"href":"https:\/\/sintesis.com.mx\/puebla\/wp-json\/wp\/v2\/posts"}],"about":[{"href":"https:\/\/sintesis.com.mx\/puebla\/wp-json\/wp\/v2\/types\/post"}],"author":[{"embeddable":true,"href":"https:\/\/sintesis.com.mx\/puebla\/wp-json\/wp\/v2\/users\/6"}],"replies":[{"embeddable":true,"href":"https:\/\/sintesis.com.mx\/puebla\/wp-json\/wp\/v2\/comments?post=388080"}],"version-history":[{"count":1,"href":"https:\/\/sintesis.com.mx\/puebla\/wp-json\/wp\/v2\/posts\/388080\/revisions"}],"predecessor-version":[{"id":388082,"href":"https:\/\/sintesis.com.mx\/puebla\/wp-json\/wp\/v2\/posts\/388080\/revisions\/388082"}],"wp:featuredmedia":[{"embeddable":true,"href":"https:\/\/sintesis.com.mx\/puebla\/wp-json\/wp\/v2\/media\/388081"}],"wp:attachment":[{"href":"https:\/\/sintesis.com.mx\/puebla\/wp-json\/wp\/v2\/media?parent=388080"}],"wp:term":[{"taxonomy":"category","embeddable":true,"href":"https:\/\/sintesis.com.mx\/puebla\/wp-json\/wp\/v2\/categories?post=388080"},{"taxonomy":"post_tag","embeddable":true,"href":"https:\/\/sintesis.com.mx\/puebla\/wp-json\/wp\/v2\/tags?post=388080"},{"taxonomy":"yst_prominent_words","embeddable":true,"href":"https:\/\/sintesis.com.mx\/puebla\/wp-json\/wp\/v2\/yst_prominent_words?post=388080"}],"curies":[{"name":"wp","href":"https:\/\/api.w.org\/{rel}","templated":true}]}}