{"id":388083,"date":"2024-01-26T10:22:58","date_gmt":"2024-01-26T16:22:58","guid":{"rendered":"https:\/\/sintesis.com.mx\/puebla\/?p=388083"},"modified":"2024-01-26T10:22:58","modified_gmt":"2024-01-26T16:22:58","slug":"solicitan-apoyo-maria","status":"publish","type":"post","link":"https:\/\/sintesis.com.mx\/puebla\/2024\/01\/26\/solicitan-apoyo-maria\/","title":{"rendered":"Solicitan apoyo a Mar\u00eda de la Barreda para mejorar escuela"},"content":{"rendered":"<p>Un grupo de padres de familia de la primaria \u201cProfesora Paulina Maraver Cort\u00e9s\u201d, se acercaron a la presidenta del DIF, Mar\u00eda De la Barreda, para solicitar su ayuda para poder mejorar y dignificar el edificio ubicado en la junta auxiliar de Rafael \u00c1vila Camacho, Manantiales.<\/p>\n<p>La presidenta honoraria del DIF pudo dialogar con los padres de familia de esta instituci\u00f3n y realiz\u00f3 un recorrido por sus instalaciones para identificar las necesidades e iniciar la labor de gesti\u00f3n ante la administraci\u00f3n municipal.<\/p>\n<p>\u201cS\u00e9 que requieren de mejores espacios, tener instalaciones dignas y fortalecida para mejorar las condiciones de la comunidad educativa\u201d.<\/p>\n<p>Les coment\u00f3 que tendr\u00e1 un reporte de las necesidades de la escuela y a la brevedad posible les estar\u00e1 dando a conocer la manera de solucionar sus peticiones, y que trabajen de forma continua para alcanzar un mejor objetivo.<\/p>\n","protected":false},"excerpt":{"rendered":"<p>Un grupo de padres de familia de la primaria \u201cProfesora Paulina Maraver Cort\u00e9s\u201d, se acercaron a la presidenta del DIF, Mar\u00eda De la Barreda, para solicitar su ayuda para poder mejorar y dignificar el edificio ubicado en la junta auxiliar de Rafael \u00c1vila Camacho, Manantiales. La presidenta honoraria del DIF pudo dialogar con los padres [&hellip;]<\/p>\n","protected":false},"author":6,"featured_media":388084,"comment_status":"open","ping_status":"open","sticky":false,"template":"","format":"standard","meta":{"footnotes":""},"categories":[12,8,9],"tags":[41,27,8254,78372,24719,18,437],"yst_prominent_words":[32216,29919,30148,30893,32654,29926,29916,30361],"class_list":["post-388083","post","type-post","status-publish","format-standard","has-post-thumbnail","hentry","category-cholula","category-hoyesnoticia","category-municipios","tag-es-noticia","tag-hoyesnoticia","tag-hoyesnoticiaapp","tag-maria-de-la-barreda","tag-peticiones","tag-puebla","tag-san-pedro-cholula"],"_links":{"self":[{"href":"https:\/\/sintesis.com.mx\/puebla\/wp-json\/wp\/v2\/posts\/388083"}],"collection":[{"href":"https:\/\/sintesis.com.mx\/puebla\/wp-json\/wp\/v2\/posts"}],"about":[{"href":"https:\/\/sintesis.com.mx\/puebla\/wp-json\/wp\/v2\/types\/post"}],"author":[{"embeddable":true,"href":"https:\/\/sintesis.com.mx\/puebla\/wp-json\/wp\/v2\/users\/6"}],"replies":[{"embeddable":true,"href":"https:\/\/sintesis.com.mx\/puebla\/wp-json\/wp\/v2\/comments?post=388083"}],"version-history":[{"count":2,"href":"https:\/\/sintesis.com.mx\/puebla\/wp-json\/wp\/v2\/posts\/388083\/revisions"}],"predecessor-version":[{"id":388147,"href":"https:\/\/sintesis.com.mx\/puebla\/wp-json\/wp\/v2\/posts\/388083\/revisions\/388147"}],"wp:featuredmedia":[{"embeddable":true,"href":"https:\/\/sintesis.com.mx\/puebla\/wp-json\/wp\/v2\/media\/388084"}],"wp:attachment":[{"href":"https:\/\/sintesis.com.mx\/puebla\/wp-json\/wp\/v2\/media?parent=388083"}],"wp:term":[{"taxonomy":"category","embeddable":true,"href":"https:\/\/sintesis.com.mx\/puebla\/wp-json\/wp\/v2\/categories?post=388083"},{"taxonomy":"post_tag","embeddable":true,"href":"https:\/\/sintesis.com.mx\/puebla\/wp-json\/wp\/v2\/tags?post=388083"},{"taxonomy":"yst_prominent_words","embeddable":true,"href":"https:\/\/sintesis.com.mx\/puebla\/wp-json\/wp\/v2\/yst_prominent_words?post=388083"}],"curies":[{"name":"wp","href":"https:\/\/api.w.org\/{rel}","templated":true}]}}