{"id":389697,"date":"2024-02-04T13:29:08","date_gmt":"2024-02-04T19:29:08","guid":{"rendered":"https:\/\/sintesis.com.mx\/puebla\/?p=389697"},"modified":"2024-02-04T13:29:08","modified_gmt":"2024-02-04T19:29:08","slug":"16-poblanos-lesionados","status":"publish","type":"post","link":"https:\/\/sintesis.com.mx\/puebla\/2024\/02\/04\/16-poblanos-lesionados\/","title":{"rendered":"No hubo fallecidos en accidente vehicular en CDMX; 16 poblanos lesionados"},"content":{"rendered":"<p>La Secretar\u00eda de Gobernaci\u00f3n de Puebla dio a conocer que en total 16 poblanas y poblanos resultaron lesionados en el accidente sobre el viaducto presidente Miguel Alem\u00e1n Vald\u00e9s en Ciudad de M\u00e9xico.<\/p>\n<p>Este d\u00eda, durante su regreso del carnaval en Mazatl\u00e1n, el autob\u00fas tur\u00edstico donde ven\u00edan de doble piso, qued\u00f3 atorado en el puente, debido a que el conductor no fren\u00f3 y provoc\u00f3 el impacto en la estructura.<\/p>\n<p>Por fortuna no se registraron muertos pero s\u00ed personas heridas que ya son atendidas, dos de ellas en el Hospital Centro M\u00e9dico Nacional Siglo XXI de la Ciudad de M\u00e9xico, sin diagn\u00f3stico de gravedad.<\/p>\n<p>A trav\u00e9s de un comunicado, la Secretar\u00eda de Gobernaci\u00f3n detall\u00f3 que de inmediato se comunic\u00f3 con sus pares estatales para apoyar a los accidentados y a sus familias.<\/p>\n<p>Agreg\u00f3 que los 14 lesionados que no ameritaron el traslado m\u00e9dico fueron llevados a la agencia del Ministerio P\u00fablico en la alcald\u00eda Benito Ju\u00e1rez para rendir su declaraci\u00f3n.<\/p>\n<p>Confirm\u00f3 la dependencia que el ch\u00f3fer se dio a la fuga adem\u00e1s que no hubo ninguna persona fallecida.<\/p>\n","protected":false},"excerpt":{"rendered":"<p>La Secretar\u00eda de Gobernaci\u00f3n de Puebla dio a conocer que en total 16 poblanas y poblanos resultaron lesionados en el accidente sobre el viaducto presidente Miguel Alem\u00e1n Vald\u00e9s en Ciudad de M\u00e9xico. Este d\u00eda, durante su regreso del carnaval en Mazatl\u00e1n, el autob\u00fas tur\u00edstico donde ven\u00edan de doble piso, qued\u00f3 atorado en el puente, debido [&hellip;]<\/p>\n","protected":false},"author":9,"featured_media":389704,"comment_status":"open","ping_status":"open","sticky":false,"template":"","format":"standard","meta":{"footnotes":""},"categories":[3],"tags":[87359,86975,2342,10977,7345,87360],"yst_prominent_words":[29666,30511,32611,29669,51330,35082,29626,29660,30344],"class_list":["post-389697","post","type-post","status-publish","format-standard","has-post-thumbnail","hentry","category-puebla","tag-16-poblanos-lesionados","tag-accidente-vehicular","tag-ciudad-de-mexico","tag-javier-aquino-limon","tag-secretaria-de-gobernacion","tag-viaducto-miguel-aleman-valdes"],"_links":{"self":[{"href":"https:\/\/sintesis.com.mx\/puebla\/wp-json\/wp\/v2\/posts\/389697"}],"collection":[{"href":"https:\/\/sintesis.com.mx\/puebla\/wp-json\/wp\/v2\/posts"}],"about":[{"href":"https:\/\/sintesis.com.mx\/puebla\/wp-json\/wp\/v2\/types\/post"}],"author":[{"embeddable":true,"href":"https:\/\/sintesis.com.mx\/puebla\/wp-json\/wp\/v2\/users\/9"}],"replies":[{"embeddable":true,"href":"https:\/\/sintesis.com.mx\/puebla\/wp-json\/wp\/v2\/comments?post=389697"}],"version-history":[{"count":1,"href":"https:\/\/sintesis.com.mx\/puebla\/wp-json\/wp\/v2\/posts\/389697\/revisions"}],"predecessor-version":[{"id":389698,"href":"https:\/\/sintesis.com.mx\/puebla\/wp-json\/wp\/v2\/posts\/389697\/revisions\/389698"}],"wp:featuredmedia":[{"embeddable":true,"href":"https:\/\/sintesis.com.mx\/puebla\/wp-json\/wp\/v2\/media\/389704"}],"wp:attachment":[{"href":"https:\/\/sintesis.com.mx\/puebla\/wp-json\/wp\/v2\/media?parent=389697"}],"wp:term":[{"taxonomy":"category","embeddable":true,"href":"https:\/\/sintesis.com.mx\/puebla\/wp-json\/wp\/v2\/categories?post=389697"},{"taxonomy":"post_tag","embeddable":true,"href":"https:\/\/sintesis.com.mx\/puebla\/wp-json\/wp\/v2\/tags?post=389697"},{"taxonomy":"yst_prominent_words","embeddable":true,"href":"https:\/\/sintesis.com.mx\/puebla\/wp-json\/wp\/v2\/yst_prominent_words?post=389697"}],"curies":[{"name":"wp","href":"https:\/\/api.w.org\/{rel}","templated":true}]}}