{"id":389732,"date":"2024-02-05T11:37:45","date_gmt":"2024-02-05T17:37:45","guid":{"rendered":"https:\/\/sintesis.com.mx\/puebla\/?p=389732"},"modified":"2024-02-05T11:37:45","modified_gmt":"2024-02-05T17:37:45","slug":"renuncia-isabel-merlo","status":"publish","type":"post","link":"https:\/\/sintesis.com.mx\/puebla\/2024\/02\/05\/renuncia-isabel-merlo\/","title":{"rendered":"Renuncia Isabel Merlo al PRI para solidarizarse con sus compa\u00f1eros expulsados"},"content":{"rendered":"<p>Luego del proceso de expulsi\u00f3n de diputados y presidente municipales del PRI en Puebla, la titular de la Secretar\u00eda de Educaci\u00f3n y legisladora con licencia, Isabel Merlo anunci\u00f3 su renuncia al partido para solidarizarse con sus pares.<\/p>\n<p>En entrevista, lament\u00f3 que la dirigencia no haya tenido la sensibilidad ni el di\u00e1logo para conciliar, al contrario fueron lastimados porque libremente decidieron no formar parte de la bancada del PRI en el Congreso del Estado.<\/p>\n<p>Y es que este fin de semana el tricolor dio a conocer que fueron expulsados los legisladores: Jorge Estefan Chidiac, Laura Ivonne Zapata Mart\u00ednez, Silvia Tan\u00fas Osorio, Enrique Rivera Reyes, Adolfo Alatriste Cant\u00fa, Norma Sirley Reyes Cabrera.<\/p>\n<p>Tambi\u00e9n los alcaldes: Guadalupe Vargas Vargas, Manuel Orato V\u00e9lez, Aurelio Flores Solano, Jos\u00e9 Luis M\u00e1rquez Mart\u00ednez y Emiliano V\u00e1zquez Bonilla, todas y todos ellos se separaron del tricolor por no sentirse a gusto con las acciones que est\u00e1 tomando el partido.<\/p>\n<p>Cuestionada al respecto, Isabel Merlo consider\u00f3 una agresi\u00f3n en contra de la militancia y sus representantes adem\u00e1s que no asume la responsabilidad que le corresponde a la dirigencia priista que preside N\u00e9stor Camarillo.<\/p>\n<p>\u201cEs un tema delicado y complejo, denota que no hubo intento de la conciliaci\u00f3n de la dirigencia. La pol\u00edtica obliga en todo momento de tender puentes jam\u00e1s alejar a la gente, los partidos en general es la din\u00e1mica de c\u00f3mo deben trabajar y mucho di\u00e1logo, el cual no sucedi\u00f3, mis compa\u00f1eros tal parece que fueron lastimados porque ellos llanamente decidieron ya no formar parte del grupo legislativo en sus funciones como diputados, nunca renunciaron al partido, es un agresi\u00f3n porque se malinterpreta y segundo no se asume la responsabilidad con la sensibilidad de cualquier dirigencia, no hubo acercamiento ni el llamado a la pl\u00e1tica ni a la charla\u201d.<\/p>\n<p>Respecto a si ella se sumar\u00e1 a Morena o buscar\u00e1 una diputaci\u00f3n, dijo que no son lo tiempos y est\u00e1 dedicada 100 por ciento a las labores en la SEP, pero s\u00ed se separar\u00e1 del tricolor.<\/p>\n<p>\u201cS\u00ed (renunciar\u00e9), los siete decidimos hacer un trabajo en congruencia desde el enfoque de diputados y diputadas. El punto es que me solidarizo con mis compa\u00f1eros. No s\u00e9 cu\u00e1ndo presentar\u00e9 la renuncia\u201d.<\/p>\n","protected":false},"excerpt":{"rendered":"<p>Luego del proceso de expulsi\u00f3n de diputados y presidente municipales del PRI en Puebla, la titular de la Secretar\u00eda de Educaci\u00f3n y legisladora con licencia, Isabel Merlo anunci\u00f3 su renuncia al partido para solidarizarse con sus pares. En entrevista, lament\u00f3 que la dirigencia no haya tenido la sensibilidad ni el di\u00e1logo para conciliar, al contrario [&hellip;]<\/p>\n","protected":false},"author":9,"featured_media":389735,"comment_status":"open","ping_status":"open","sticky":false,"template":"","format":"standard","meta":{"footnotes":""},"categories":[3],"tags":[87363,12807,87362,79813],"yst_prominent_words":[33931,30814,29999,29856,31865,45674,29852,30086,29849,34586,31765,36778,53493,33618],"class_list":["post-389732","post","type-post","status-publish","format-standard","has-post-thumbnail","hentry","category-puebla","tag-diputada-con-licencia","tag-isabel-merlo-talavera","tag-renuncia-al-pri","tag-secretaria-de-educacion"],"_links":{"self":[{"href":"https:\/\/sintesis.com.mx\/puebla\/wp-json\/wp\/v2\/posts\/389732"}],"collection":[{"href":"https:\/\/sintesis.com.mx\/puebla\/wp-json\/wp\/v2\/posts"}],"about":[{"href":"https:\/\/sintesis.com.mx\/puebla\/wp-json\/wp\/v2\/types\/post"}],"author":[{"embeddable":true,"href":"https:\/\/sintesis.com.mx\/puebla\/wp-json\/wp\/v2\/users\/9"}],"replies":[{"embeddable":true,"href":"https:\/\/sintesis.com.mx\/puebla\/wp-json\/wp\/v2\/comments?post=389732"}],"version-history":[{"count":2,"href":"https:\/\/sintesis.com.mx\/puebla\/wp-json\/wp\/v2\/posts\/389732\/revisions"}],"predecessor-version":[{"id":389736,"href":"https:\/\/sintesis.com.mx\/puebla\/wp-json\/wp\/v2\/posts\/389732\/revisions\/389736"}],"wp:featuredmedia":[{"embeddable":true,"href":"https:\/\/sintesis.com.mx\/puebla\/wp-json\/wp\/v2\/media\/389735"}],"wp:attachment":[{"href":"https:\/\/sintesis.com.mx\/puebla\/wp-json\/wp\/v2\/media?parent=389732"}],"wp:term":[{"taxonomy":"category","embeddable":true,"href":"https:\/\/sintesis.com.mx\/puebla\/wp-json\/wp\/v2\/categories?post=389732"},{"taxonomy":"post_tag","embeddable":true,"href":"https:\/\/sintesis.com.mx\/puebla\/wp-json\/wp\/v2\/tags?post=389732"},{"taxonomy":"yst_prominent_words","embeddable":true,"href":"https:\/\/sintesis.com.mx\/puebla\/wp-json\/wp\/v2\/yst_prominent_words?post=389732"}],"curies":[{"name":"wp","href":"https:\/\/api.w.org\/{rel}","templated":true}]}}