{"id":391819,"date":"2024-02-14T21:46:18","date_gmt":"2024-02-15T03:46:18","guid":{"rendered":"https:\/\/sintesis.com.mx\/puebla\/?p=391819"},"modified":"2024-02-14T21:48:58","modified_gmt":"2024-02-15T03:48:58","slug":"morena-reunion-diputados","status":"publish","type":"post","link":"https:\/\/sintesis.com.mx\/puebla\/2024\/02\/14\/morena-reunion-diputados\/","title":{"rendered":"En Morena se pondera el di\u00e1logo y la unidad"},"content":{"rendered":"<p><strong>Como parte del proceso interno de Morena en Puebla, esta tarde se realiz\u00f3 una reuni\u00f3n con los aspirantes a las diputaciones federales.<\/strong><\/p>\n<p>La reuni\u00f3n estuvo encabezada por la Mtra. Laura Artemisa Garc\u00eda como Coordinadora Estatal de Delegados de Morena y el diputado Raymundo Atanacio Luna en su calidad de Coordinador de Conciliaci\u00f3n Pol\u00edtica, quienes dialogaron con las expresiones para consolidar la unidad en los distritos federales y reforzar el trabajo territorial.<\/p>\n<p>Morena cuenta con el registro de 310 aspirantes a diputaciones federales, quienes fueron convocados en su totalidad; de los cuales 149 llegaron a dialogar para sumar a favor de la Cuarta Transformaci\u00f3n.<\/p>\n<p><img loading=\"lazy\" decoding=\"async\" class=\" wp-image-391820 aligncenter\" src=\"https:\/\/sintesis.com.mx\/puebla\/wp-content\/uploads\/2024\/02\/WhatsApp-Image-2024-02-14-at-9.35.59-PM-300x289.jpeg\" alt=\"\" width=\"380\" height=\"366\" srcset=\"https:\/\/sintesis.com.mx\/puebla\/wp-content\/uploads\/2024\/02\/WhatsApp-Image-2024-02-14-at-9.35.59-PM-300x289.jpeg 300w, https:\/\/sintesis.com.mx\/puebla\/wp-content\/uploads\/2024\/02\/WhatsApp-Image-2024-02-14-at-9.35.59-PM-696x670.jpeg 696w, https:\/\/sintesis.com.mx\/puebla\/wp-content\/uploads\/2024\/02\/WhatsApp-Image-2024-02-14-at-9.35.59-PM-437x420.jpeg 437w, https:\/\/sintesis.com.mx\/puebla\/wp-content\/uploads\/2024\/02\/WhatsApp-Image-2024-02-14-at-9.35.59-PM.jpeg 737w\" sizes=\"(max-width: 380px) 100vw, 380px\" \/><\/p>\n","protected":false},"excerpt":{"rendered":"<p>Como parte del proceso interno de Morena en Puebla, esta tarde se realiz\u00f3 una reuni\u00f3n con los aspirantes a las diputaciones federales. La reuni\u00f3n estuvo encabezada por la Mtra. Laura Artemisa Garc\u00eda como Coordinadora Estatal de Delegados de Morena y el diputado Raymundo Atanacio Luna en su calidad de Coordinador de Conciliaci\u00f3n Pol\u00edtica, quienes dialogaron [&hellip;]<\/p>\n","protected":false},"author":26,"featured_media":0,"comment_status":"open","ping_status":"open","sticky":false,"template":"","format":"standard","meta":{"footnotes":""},"categories":[83821,84007,84655,3],"tags":[41,27,8254,18],"yst_prominent_words":[31374,64716,68299,30017,30439,31808],"class_list":["post-391819","post","type-post","status-publish","format-standard","hentry","category-congreso","category-legislativo","category-politica","category-puebla","tag-es-noticia","tag-hoyesnoticia","tag-hoyesnoticiaapp","tag-puebla"],"_links":{"self":[{"href":"https:\/\/sintesis.com.mx\/puebla\/wp-json\/wp\/v2\/posts\/391819"}],"collection":[{"href":"https:\/\/sintesis.com.mx\/puebla\/wp-json\/wp\/v2\/posts"}],"about":[{"href":"https:\/\/sintesis.com.mx\/puebla\/wp-json\/wp\/v2\/types\/post"}],"author":[{"embeddable":true,"href":"https:\/\/sintesis.com.mx\/puebla\/wp-json\/wp\/v2\/users\/26"}],"replies":[{"embeddable":true,"href":"https:\/\/sintesis.com.mx\/puebla\/wp-json\/wp\/v2\/comments?post=391819"}],"version-history":[{"count":1,"href":"https:\/\/sintesis.com.mx\/puebla\/wp-json\/wp\/v2\/posts\/391819\/revisions"}],"predecessor-version":[{"id":391821,"href":"https:\/\/sintesis.com.mx\/puebla\/wp-json\/wp\/v2\/posts\/391819\/revisions\/391821"}],"wp:attachment":[{"href":"https:\/\/sintesis.com.mx\/puebla\/wp-json\/wp\/v2\/media?parent=391819"}],"wp:term":[{"taxonomy":"category","embeddable":true,"href":"https:\/\/sintesis.com.mx\/puebla\/wp-json\/wp\/v2\/categories?post=391819"},{"taxonomy":"post_tag","embeddable":true,"href":"https:\/\/sintesis.com.mx\/puebla\/wp-json\/wp\/v2\/tags?post=391819"},{"taxonomy":"yst_prominent_words","embeddable":true,"href":"https:\/\/sintesis.com.mx\/puebla\/wp-json\/wp\/v2\/yst_prominent_words?post=391819"}],"curies":[{"name":"wp","href":"https:\/\/api.w.org\/{rel}","templated":true}]}}