{"id":395412,"date":"2024-03-29T22:39:35","date_gmt":"2024-03-30T04:39:35","guid":{"rendered":"https:\/\/sintesis.com.mx\/puebla\/?p=395412"},"modified":"2024-03-01T12:43:11","modified_gmt":"2024-03-01T18:43:11","slug":"jorge-estefan-chidiac","status":"publish","type":"post","link":"https:\/\/sintesis.com.mx\/puebla\/2024\/03\/29\/jorge-estefan-chidiac\/","title":{"rendered":"Jorge Estefan Chidiac es el nuevo titular de la Secretar\u00eda de Educaci\u00f3n P\u00fablica"},"content":{"rendered":"<p>Jorge Estefan Chidiac, fue designado por el gobernador de Puebla, Sergio Salom\u00f3n Huerta, como el nuevo titular de la Secretar\u00eda de Educaci\u00f3n P\u00fablica.<\/p>\n<p>Sergio Salom\u00f3n C\u00e9spedes detall\u00f3 que Jorge Estefan Chidiac se incorporar\u00e1 oficialmente como nuevo titular de la Secretar\u00eda de Educaci\u00f3n P\u00fablica\u00a0el 4 de marzo.<\/p>\n<p>En su cuenta de X, el mandatario estatal coment\u00f3 que Jorge Estefan Chidiac impulsar\u00e1 los\u00a0proyectos educativos\u00a0en la entidad.<\/p>\n<p>El 29 de febrero, Sergio Salom\u00f3n C\u00e9spedes inform\u00f3 que\u00a0Isabel Merlo Talavera\u00a0renunci\u00f3 a su cargo como secretaria de Educaci\u00f3n P\u00fablica.<\/p>\n<p>Desde que Jorge Estefan Chidiac renunci\u00f3 a la fracci\u00f3n del Partido Revolucionario Institucional (PRI), el gobernador lo invit\u00f3 a su gesti\u00f3n. Hasta hoy se revel\u00f3 que Jorge Estefan Chidiac llegaba como titular de la Secretar\u00eda de Educaci\u00f3n P\u00fablica.<\/p>\n<p>&nbsp;<\/p>\n","protected":false},"excerpt":{"rendered":"<p>Jorge Estefan Chidiac, fue designado por el gobernador de Puebla, Sergio Salom\u00f3n Huerta, como el nuevo titular de la Secretar\u00eda de Educaci\u00f3n P\u00fablica. Sergio Salom\u00f3n C\u00e9spedes detall\u00f3 que Jorge Estefan Chidiac se incorporar\u00e1 oficialmente como nuevo titular de la Secretar\u00eda de Educaci\u00f3n P\u00fablica\u00a0el 4 de marzo. En su cuenta de X, el mandatario estatal coment\u00f3 [&hellip;]<\/p>\n","protected":false},"author":26,"featured_media":385955,"comment_status":"open","ping_status":"open","sticky":false,"template":"","format":"standard","meta":{"footnotes":""},"categories":[3],"tags":[41,27,8254,328,18],"yst_prominent_words":[29807,41108,35835,46517,29581,36918,48500,48499,31993,50597,31594,37182],"class_list":["post-395412","post","type-post","status-publish","format-standard","has-post-thumbnail","hentry","category-puebla","tag-es-noticia","tag-hoyesnoticia","tag-hoyesnoticiaapp","tag-jorge-estefan-chidiac","tag-puebla"],"_links":{"self":[{"href":"https:\/\/sintesis.com.mx\/puebla\/wp-json\/wp\/v2\/posts\/395412"}],"collection":[{"href":"https:\/\/sintesis.com.mx\/puebla\/wp-json\/wp\/v2\/posts"}],"about":[{"href":"https:\/\/sintesis.com.mx\/puebla\/wp-json\/wp\/v2\/types\/post"}],"author":[{"embeddable":true,"href":"https:\/\/sintesis.com.mx\/puebla\/wp-json\/wp\/v2\/users\/26"}],"replies":[{"embeddable":true,"href":"https:\/\/sintesis.com.mx\/puebla\/wp-json\/wp\/v2\/comments?post=395412"}],"version-history":[{"count":1,"href":"https:\/\/sintesis.com.mx\/puebla\/wp-json\/wp\/v2\/posts\/395412\/revisions"}],"predecessor-version":[{"id":395413,"href":"https:\/\/sintesis.com.mx\/puebla\/wp-json\/wp\/v2\/posts\/395412\/revisions\/395413"}],"wp:featuredmedia":[{"embeddable":true,"href":"https:\/\/sintesis.com.mx\/puebla\/wp-json\/wp\/v2\/media\/385955"}],"wp:attachment":[{"href":"https:\/\/sintesis.com.mx\/puebla\/wp-json\/wp\/v2\/media?parent=395412"}],"wp:term":[{"taxonomy":"category","embeddable":true,"href":"https:\/\/sintesis.com.mx\/puebla\/wp-json\/wp\/v2\/categories?post=395412"},{"taxonomy":"post_tag","embeddable":true,"href":"https:\/\/sintesis.com.mx\/puebla\/wp-json\/wp\/v2\/tags?post=395412"},{"taxonomy":"yst_prominent_words","embeddable":true,"href":"https:\/\/sintesis.com.mx\/puebla\/wp-json\/wp\/v2\/yst_prominent_words?post=395412"}],"curies":[{"name":"wp","href":"https:\/\/api.w.org\/{rel}","templated":true}]}}