{"id":399999,"date":"2024-04-01T16:57:57","date_gmt":"2024-04-01T22:57:57","guid":{"rendered":"https:\/\/sintesis.com.mx\/puebla\/?p=399999"},"modified":"2024-04-01T17:08:24","modified_gmt":"2024-04-01T23:08:24","slug":"equipo-campana-pepe-chedraui","status":"publish","type":"post","link":"https:\/\/sintesis.com.mx\/puebla\/2024\/04\/01\/equipo-campana-pepe-chedraui\/","title":{"rendered":"Listo el equipo de campa\u00f1a de Pepe Chedraui"},"content":{"rendered":"<p>Tenemos para t\u00ed los nombres de las personas que trabajar\u00e1n hombro con hombro para poner al candidato de Morena en la Presidencia Municipal de Puebla Capital:<\/p>\n<p>Candidato a Presidente Municipal:<\/p>\n<p><strong>Jos\u00e9 Chedraui Budib <\/strong><\/p>\n<p>Coordinador General de la Campa\u00f1a:<\/p>\n<p><strong>Gabriel Biestro Medinilla <\/strong><\/p>\n<p>Voceros de la campa\u00f1a:<\/p>\n<p><strong>M\u00f3nica Silva <\/strong><\/p>\n<p><strong>Leobardo Rodr\u00edguez <\/strong><\/p>\n<p><strong>Jorge Hern\u00e1ndez <\/strong><\/p>\n<p>Coordinador Pol\u00edtico:<\/p>\n<p><strong>Franco Rodr\u00edguez <\/strong><\/p>\n<p>Coordinador de Promoci\u00f3n al Voto:<\/p>\n<p><strong>Clemente G\u00f3mez <\/strong><\/p>\n<p>Coordinaci\u00f3n de Gesti\u00f3n:<\/p>\n<p><strong>Beatriz Guevara <\/strong><\/p>\n<p>Coordinaci\u00f3n Electoral:<\/p>\n<p><strong>Omar Rodr\u00edguez <\/strong><\/p>\n<p>Coordinaci\u00f3n de Campa\u00f1a Permanente:<\/p>\n<p><strong>Zaira Gonz\u00e1lez<\/strong><\/p>\n<p>Coordinaci\u00f3n de Mujeres:<\/p>\n<p><strong>Fernanda Ballesteros <\/strong><\/p>\n<p>Coordinaci\u00f3n de Deporte:<\/p>\n<p><strong>Gabriela \u201cLa Bonita\u201d S\u00e1nchez Saavedra <\/strong><\/p>\n<p>Coordinaci\u00f3n de Juventudes:<\/p>\n<p><strong>Ana Mar\u00eda Conde <\/strong><\/p>\n<p>Enlace con Mujeres Empresariales<\/p>\n<p><strong>Idal\u00ed Moreno <\/strong><\/p>\n<p>Coordinador Di\u00e1logos por la Transformaci\u00f3n:<\/p>\n<p><strong>Rafael Ram\u00edrez <\/strong><\/p>\n<p>Vinculaci\u00f3n Sociedad Civil:<\/p>\n<p><strong>Georgina Ruiz Toledano <\/strong><\/p>\n<p>Vinculaci\u00f3n Empresarial:<\/p>\n<p><strong>Mauricio Garc\u00eda Acevedo <\/strong><\/p>\n<p><strong>Luis Lozano Torres <\/strong><\/p>\n<p>Coordinaci\u00f3n de Comunicaci\u00f3n Social:<\/p>\n<p><strong>Sandra Guevara <\/strong><\/p>\n<p>Secretario Privado:<\/p>\n<p><strong>Hugo Casta\u00f1eda <\/strong><\/p>\n<p>Coordinaci\u00f3n de Giras:<\/p>\n<p><strong>Carlos Blanco <\/strong><\/p>\n<p>Jefe de Oficina:<\/p>\n<p><strong>Juan Pablo Caso <\/strong><\/p>\n<p>Director Jur\u00eddico:<\/p>\n<p><strong>Alfonso Aguilar<\/strong><\/p>\n","protected":false},"excerpt":{"rendered":"<p>Tenemos para t\u00ed los nombres de las personas que trabajar\u00e1n hombro con hombro para poner al candidato de Morena en la Presidencia Municipal de Puebla Capital: Candidato a Presidente Municipal: Jos\u00e9 Chedraui Budib Coordinador General de la Campa\u00f1a: Gabriel Biestro Medinilla Voceros de la campa\u00f1a: M\u00f3nica Silva Leobardo Rodr\u00edguez Jorge Hern\u00e1ndez Coordinador Pol\u00edtico: Franco Rodr\u00edguez [&hellip;]<\/p>\n","protected":false},"author":26,"featured_media":400000,"comment_status":"open","ping_status":"open","sticky":false,"template":"","format":"standard","meta":{"footnotes":""},"categories":[3],"tags":[4120,402,41,27,8254,18,23,8253],"yst_prominent_words":[34347,54012,32625,32800,34856,45169,31161,29816,31790,41444],"class_list":["post-399999","post","type-post","status-publish","format-standard","has-post-thumbnail","hentry","category-puebla","tag-campana","tag-elecciones","tag-es-noticia","tag-hoyesnoticia","tag-hoyesnoticiaapp","tag-puebla","tag-slide","tag-slideapp"],"_links":{"self":[{"href":"https:\/\/sintesis.com.mx\/puebla\/wp-json\/wp\/v2\/posts\/399999"}],"collection":[{"href":"https:\/\/sintesis.com.mx\/puebla\/wp-json\/wp\/v2\/posts"}],"about":[{"href":"https:\/\/sintesis.com.mx\/puebla\/wp-json\/wp\/v2\/types\/post"}],"author":[{"embeddable":true,"href":"https:\/\/sintesis.com.mx\/puebla\/wp-json\/wp\/v2\/users\/26"}],"replies":[{"embeddable":true,"href":"https:\/\/sintesis.com.mx\/puebla\/wp-json\/wp\/v2\/comments?post=399999"}],"version-history":[{"count":3,"href":"https:\/\/sintesis.com.mx\/puebla\/wp-json\/wp\/v2\/posts\/399999\/revisions"}],"predecessor-version":[{"id":400010,"href":"https:\/\/sintesis.com.mx\/puebla\/wp-json\/wp\/v2\/posts\/399999\/revisions\/400010"}],"wp:featuredmedia":[{"embeddable":true,"href":"https:\/\/sintesis.com.mx\/puebla\/wp-json\/wp\/v2\/media\/400000"}],"wp:attachment":[{"href":"https:\/\/sintesis.com.mx\/puebla\/wp-json\/wp\/v2\/media?parent=399999"}],"wp:term":[{"taxonomy":"category","embeddable":true,"href":"https:\/\/sintesis.com.mx\/puebla\/wp-json\/wp\/v2\/categories?post=399999"},{"taxonomy":"post_tag","embeddable":true,"href":"https:\/\/sintesis.com.mx\/puebla\/wp-json\/wp\/v2\/tags?post=399999"},{"taxonomy":"yst_prominent_words","embeddable":true,"href":"https:\/\/sintesis.com.mx\/puebla\/wp-json\/wp\/v2\/yst_prominent_words?post=399999"}],"curies":[{"name":"wp","href":"https:\/\/api.w.org\/{rel}","templated":true}]}}