{"id":407261,"date":"2024-05-14T14:11:37","date_gmt":"2024-05-14T20:11:37","guid":{"rendered":"https:\/\/sintesis.com.mx\/puebla\/?p=407261"},"modified":"2024-05-14T14:29:01","modified_gmt":"2024-05-14T20:29:01","slug":"pri-se-excedio-proceso","status":"publish","type":"post","link":"https:\/\/sintesis.com.mx\/puebla\/2024\/05\/14\/pri-se-excedio-proceso\/","title":{"rendered":"PRI se excedi\u00f3 en su proceso de expulsi\u00f3n: Silvia Tanus"},"content":{"rendered":"<p>La coordinadora del Grupo Plural del Congreso de Puebla, Silvia Tanus Osorio subray\u00f3 que el PRI actu\u00f3 de mala fe y se excedi\u00f3 en su proceso de expulsi\u00f3n, hecho que corrobor\u00f3 el Tribunal Electoral del Estado (TEE) al determinar que se le viol\u00f3 la garant\u00eda de audiencia.<\/p>\n<p>En entrevista, destac\u00f3 que el procedimiento lo hicieron con la v\u00edscera, ya que no era necesario cuando decidieron irse mucho antes que les aplicar\u00e1n el proceso de exclusi\u00f3n.<\/p>\n<p>\u201cNo me pueden expulsar de donde ya me fui, ahora s\u00ed que, como dec\u00eda mi abuelita, me hacen lo que el viento a Ju\u00e1rez, no se vale, porque est\u00e1n violando mis derechos humanos, si no quiero militar, pues no quiero y tan tan. No tuve derecho de audiencia, nunca me fue notificado, fue una expulsi\u00f3n fast track que lo hicieron con la v\u00edscera, yo creo que no era necesario. Yo creo que su mala fe, de la ignorancia legal\u201d.<\/p>\n<p>Abund\u00f3 que la autoridad electoral debe actuar en consecuencia, debido que en su JDC pidi\u00f3 se les aplique una sanci\u00f3n, puede ser desde una amonestaci\u00f3n p\u00fablica o privada, pero no se puede violentar la ley a contentillo de unos cuantos.<\/p>\n<p>\u201cUna amonestaci\u00f3n p\u00fablica o privada, lo que sea, alguna autoridad electoral debe decirle al PRI que no puede hacer con la ley y violentar sus documentos para perjudicar a un tercero por un berrinche o lo que sea. Ni siquiera es N\u00e9stor (Camarillo), lo hizo el CEN, no dudo que hay sido a petici\u00f3n, pero el presidente debi\u00f3 valorar la acci\u00f3n, se hizo con v\u00edscera, no con la cabeza ni la ley\u201d.<\/p>\n<p>El pasado 2 de febrero, la Comisi\u00f3n Nacional de Justicia Partidaria del PRI aprob\u00f3 la expulsi\u00f3n de los legisladores Jorge Estefan Chidiac, Laura Ivonne Zapata Mart\u00ednez, Silvia Tan\u00fas Osorio, Enrique Rivera Reyes, Adolfo Alatriste Cant\u00fa, Norma Sirley Reyes Cabrera, as\u00ed como los alcaldes Guadalupe Vargas Vargas, Manuel Orato V\u00e9lez, Aurelio Flores Solano, Jos\u00e9 Luis M\u00e1rquez Mart\u00ednez y Emiliano V\u00e1zquez Bonilla.<\/p>\n","protected":false},"excerpt":{"rendered":"<p>La coordinadora del Grupo Plural del Congreso de Puebla, Silvia Tanus Osorio subray\u00f3 que el PRI actu\u00f3 de mala fe y se excedi\u00f3 en su proceso de expulsi\u00f3n, hecho que corrobor\u00f3 el Tribunal Electoral del Estado (TEE) al determinar que se le viol\u00f3 la garant\u00eda de audiencia. En entrevista, destac\u00f3 que el procedimiento lo hicieron [&hellip;]<\/p>\n","protected":false},"author":9,"featured_media":391915,"comment_status":"open","ping_status":"open","sticky":false,"template":"","format":"standard","meta":{"footnotes":""},"categories":[3],"tags":[87885,65,87371,87381,27,8254,187,5196],"yst_prominent_words":[38520,31343,32144,46151,32920,33288,53044,33031,30081,29619,34866,32380,40410,29849,29857,58105],"class_list":["post-407261","post","type-post","status-publish","format-standard","has-post-thumbnail","hentry","category-puebla","tag-diputada-pri","tag-esnoticia","tag-expulsion-pri","tag-grupo-plural","tag-hoyesnoticia","tag-hoyesnoticiaapp","tag-pri","tag-silvia-tanus-osorio"],"_links":{"self":[{"href":"https:\/\/sintesis.com.mx\/puebla\/wp-json\/wp\/v2\/posts\/407261"}],"collection":[{"href":"https:\/\/sintesis.com.mx\/puebla\/wp-json\/wp\/v2\/posts"}],"about":[{"href":"https:\/\/sintesis.com.mx\/puebla\/wp-json\/wp\/v2\/types\/post"}],"author":[{"embeddable":true,"href":"https:\/\/sintesis.com.mx\/puebla\/wp-json\/wp\/v2\/users\/9"}],"replies":[{"embeddable":true,"href":"https:\/\/sintesis.com.mx\/puebla\/wp-json\/wp\/v2\/comments?post=407261"}],"version-history":[{"count":3,"href":"https:\/\/sintesis.com.mx\/puebla\/wp-json\/wp\/v2\/posts\/407261\/revisions"}],"predecessor-version":[{"id":407273,"href":"https:\/\/sintesis.com.mx\/puebla\/wp-json\/wp\/v2\/posts\/407261\/revisions\/407273"}],"wp:featuredmedia":[{"embeddable":true,"href":"https:\/\/sintesis.com.mx\/puebla\/wp-json\/wp\/v2\/media\/391915"}],"wp:attachment":[{"href":"https:\/\/sintesis.com.mx\/puebla\/wp-json\/wp\/v2\/media?parent=407261"}],"wp:term":[{"taxonomy":"category","embeddable":true,"href":"https:\/\/sintesis.com.mx\/puebla\/wp-json\/wp\/v2\/categories?post=407261"},{"taxonomy":"post_tag","embeddable":true,"href":"https:\/\/sintesis.com.mx\/puebla\/wp-json\/wp\/v2\/tags?post=407261"},{"taxonomy":"yst_prominent_words","embeddable":true,"href":"https:\/\/sintesis.com.mx\/puebla\/wp-json\/wp\/v2\/yst_prominent_words?post=407261"}],"curies":[{"name":"wp","href":"https:\/\/api.w.org\/{rel}","templated":true}]}}