{"id":407572,"date":"2024-05-16T10:24:56","date_gmt":"2024-05-16T16:24:56","guid":{"rendered":"https:\/\/sintesis.com.mx\/puebla\/?p=407572"},"modified":"2024-05-16T11:16:36","modified_gmt":"2024-05-16T17:16:36","slug":"decesos-golpe-calor","status":"publish","type":"post","link":"https:\/\/sintesis.com.mx\/puebla\/2024\/05\/16\/decesos-golpe-calor\/","title":{"rendered":"No hay decesos por golpe de calor"},"content":{"rendered":"<p>En Puebla no se registran hasta el momento decesos a consecuencia de la onda de calor, as\u00ed lo report\u00f3 la secretaria de Salud estatal, Araceli Soria.<\/p>\n<p>Asimismo, destac\u00f3 que han atendido 19 personas afectadas por la elevaci\u00f3n del clima; sin embargo ninguna enfrenta problemas graves de Salud.<\/p>\n<p>La funcionaria destac\u00f3 que est\u00e1n pendientes en los diversos centros de salud y hospitales para brindar atenci\u00f3n m\u00e9dica a las y los poblanos.<\/p>\n<p>Recomend\u00f3 a la poblaci\u00f3n hidratarse y no exponerse a los rayos del sol.<br \/>\nCabe mencionar que a partir de la pr\u00f3xima semana se espera el ingreso de otra ola de calor, por lo que se tendr\u00e1n en la entidad poblana temperaturas de 32 hasta 41 grados cent\u00edgrados.<\/p>\n","protected":false},"excerpt":{"rendered":"<p>En Puebla no se registran hasta el momento decesos a consecuencia de la onda de calor, as\u00ed lo report\u00f3 la secretaria de Salud estatal, Araceli Soria. Asimismo, destac\u00f3 que han atendido 19 personas afectadas por la elevaci\u00f3n del clima; sin embargo ninguna enfrenta problemas graves de Salud. La funcionaria destac\u00f3 que est\u00e1n pendientes en los [&hellip;]<\/p>\n","protected":false},"author":26,"featured_media":407588,"comment_status":"open","ping_status":"open","sticky":false,"template":"","format":"standard","meta":{"footnotes":""},"categories":[3],"tags":[41,65,10904,27,8254,18,23,8253,20668,40526],"yst_prominent_words":[30415,29745],"class_list":["post-407572","post","type-post","status-publish","format-standard","has-post-thumbnail","hentry","category-puebla","tag-es-noticia","tag-esnoticia","tag-golpe-de-calor","tag-hoyesnoticia","tag-hoyesnoticiaapp","tag-puebla","tag-slide","tag-slideapp","tag-slider","tag-sliderapp"],"_links":{"self":[{"href":"https:\/\/sintesis.com.mx\/puebla\/wp-json\/wp\/v2\/posts\/407572"}],"collection":[{"href":"https:\/\/sintesis.com.mx\/puebla\/wp-json\/wp\/v2\/posts"}],"about":[{"href":"https:\/\/sintesis.com.mx\/puebla\/wp-json\/wp\/v2\/types\/post"}],"author":[{"embeddable":true,"href":"https:\/\/sintesis.com.mx\/puebla\/wp-json\/wp\/v2\/users\/26"}],"replies":[{"embeddable":true,"href":"https:\/\/sintesis.com.mx\/puebla\/wp-json\/wp\/v2\/comments?post=407572"}],"version-history":[{"count":3,"href":"https:\/\/sintesis.com.mx\/puebla\/wp-json\/wp\/v2\/posts\/407572\/revisions"}],"predecessor-version":[{"id":407584,"href":"https:\/\/sintesis.com.mx\/puebla\/wp-json\/wp\/v2\/posts\/407572\/revisions\/407584"}],"wp:featuredmedia":[{"embeddable":true,"href":"https:\/\/sintesis.com.mx\/puebla\/wp-json\/wp\/v2\/media\/407588"}],"wp:attachment":[{"href":"https:\/\/sintesis.com.mx\/puebla\/wp-json\/wp\/v2\/media?parent=407572"}],"wp:term":[{"taxonomy":"category","embeddable":true,"href":"https:\/\/sintesis.com.mx\/puebla\/wp-json\/wp\/v2\/categories?post=407572"},{"taxonomy":"post_tag","embeddable":true,"href":"https:\/\/sintesis.com.mx\/puebla\/wp-json\/wp\/v2\/tags?post=407572"},{"taxonomy":"yst_prominent_words","embeddable":true,"href":"https:\/\/sintesis.com.mx\/puebla\/wp-json\/wp\/v2\/yst_prominent_words?post=407572"}],"curies":[{"name":"wp","href":"https:\/\/api.w.org\/{rel}","templated":true}]}}