{"id":408501,"date":"2024-05-22T13:58:45","date_gmt":"2024-05-22T19:58:45","guid":{"rendered":"https:\/\/sintesis.com.mx\/puebla\/?p=408501"},"modified":"2024-05-22T13:58:45","modified_gmt":"2024-05-22T19:58:45","slug":"salomon-proceso-electoral","status":"publish","type":"post","link":"https:\/\/sintesis.com.mx\/puebla\/2024\/05\/22\/salomon-proceso-electoral\/","title":{"rendered":"Descarta Sergio Salom\u00f3n C\u00e9spedes focos rojos en el proceso electoral"},"content":{"rendered":"<p>El gobernador Sergio Salom\u00f3n C\u00e9spedes, report\u00f3 que hay tranquilidad y paz en la entidad poblana.<\/p>\n<p>Por lo que descart\u00f3 que existan focos rojos con miras al proceso electoral que se desarrollar\u00e1 el 2 de junio.<\/p>\n<p>Sin embargo, el titular del poder ejecutivo estatal, <strong>llam\u00f3 a todos los actores a no politizar temas como la seguridad en Puebla.<\/strong><\/p>\n<p>Precis\u00f3 que todos est\u00e1n trabajando para conservar la tranquilidad y as\u00ed se debe mantener.<\/p>\n<p>\u00abCada partido que haga su trabajo y que decidan las y los poblanos\u00bb destac\u00f3.<\/p>\n","protected":false},"excerpt":{"rendered":"<p>El gobernador Sergio Salom\u00f3n C\u00e9spedes, report\u00f3 que hay tranquilidad y paz en la entidad poblana. Por lo que descart\u00f3 que existan focos rojos con miras al proceso electoral que se desarrollar\u00e1 el 2 de junio. Sin embargo, el titular del poder ejecutivo estatal, llam\u00f3 a todos los actores a no politizar temas como la seguridad [&hellip;]<\/p>\n","protected":false},"author":26,"featured_media":354608,"comment_status":"open","ping_status":"open","sticky":false,"template":"","format":"standard","meta":{"footnotes":""},"categories":[3],"tags":[41,65,27,8254,18,35030],"yst_prominent_words":[42034],"class_list":["post-408501","post","type-post","status-publish","format-standard","has-post-thumbnail","hentry","category-puebla","tag-es-noticia","tag-esnoticia","tag-hoyesnoticia","tag-hoyesnoticiaapp","tag-puebla","tag-sergio-salomon"],"_links":{"self":[{"href":"https:\/\/sintesis.com.mx\/puebla\/wp-json\/wp\/v2\/posts\/408501"}],"collection":[{"href":"https:\/\/sintesis.com.mx\/puebla\/wp-json\/wp\/v2\/posts"}],"about":[{"href":"https:\/\/sintesis.com.mx\/puebla\/wp-json\/wp\/v2\/types\/post"}],"author":[{"embeddable":true,"href":"https:\/\/sintesis.com.mx\/puebla\/wp-json\/wp\/v2\/users\/26"}],"replies":[{"embeddable":true,"href":"https:\/\/sintesis.com.mx\/puebla\/wp-json\/wp\/v2\/comments?post=408501"}],"version-history":[{"count":3,"href":"https:\/\/sintesis.com.mx\/puebla\/wp-json\/wp\/v2\/posts\/408501\/revisions"}],"predecessor-version":[{"id":408531,"href":"https:\/\/sintesis.com.mx\/puebla\/wp-json\/wp\/v2\/posts\/408501\/revisions\/408531"}],"wp:featuredmedia":[{"embeddable":true,"href":"https:\/\/sintesis.com.mx\/puebla\/wp-json\/wp\/v2\/media\/354608"}],"wp:attachment":[{"href":"https:\/\/sintesis.com.mx\/puebla\/wp-json\/wp\/v2\/media?parent=408501"}],"wp:term":[{"taxonomy":"category","embeddable":true,"href":"https:\/\/sintesis.com.mx\/puebla\/wp-json\/wp\/v2\/categories?post=408501"},{"taxonomy":"post_tag","embeddable":true,"href":"https:\/\/sintesis.com.mx\/puebla\/wp-json\/wp\/v2\/tags?post=408501"},{"taxonomy":"yst_prominent_words","embeddable":true,"href":"https:\/\/sintesis.com.mx\/puebla\/wp-json\/wp\/v2\/yst_prominent_words?post=408501"}],"curies":[{"name":"wp","href":"https:\/\/api.w.org\/{rel}","templated":true}]}}