{"id":409827,"date":"2024-05-16T10:20:43","date_gmt":"2024-05-16T16:20:43","guid":{"rendered":"https:\/\/sintesis.com.mx\/puebla\/?p=409827"},"modified":"2024-05-30T10:51:51","modified_gmt":"2024-05-30T16:51:51","slug":"presenta-propuestas-ante-consejo-universitario-candidato-la-alcaldia-puebla-partido-movimiento-ciudadano","status":"publish","type":"post","link":"https:\/\/sintesis.com.mx\/puebla\/2024\/05\/16\/presenta-propuestas-ante-consejo-universitario-candidato-la-alcaldia-puebla-partido-movimiento-ciudadano\/","title":{"rendered":"Presenta sus propuestas ante el Consejo Universitario el candidato a la alcald\u00eda de Puebla por el Partido Movimiento Ciudadano"},"content":{"rendered":"<p class=\"rtejustify\">En la presentaci\u00f3n del plan de trabajo del candidato a la presidencia municipal de Puebla por el Partido Movimiento Ciudadano, Rafael Ca\u00f1edo Carri\u00f3n, la Rectora Mar\u00eda Lilia Cedillo Ram\u00edrez celebr\u00f3 la presencia del aspirante, pues asegur\u00f3 que la exposici\u00f3n de las propuestas de gobierno permitir\u00e1 a la comunidad universitaria tener informaci\u00f3n para ejercer un voto razonado y consciente este 2 de junio.<\/p>\n<p class=\"rtejustify\">Al darle la bienvenida al Consejo Universitario, subray\u00f3 que la BUAP es la casa de todas las poblanas y poblanos, por lo que se mantendr\u00e1 abierta para escuchar las diferentes propuestas de gobierno. En este sentido, Rafael Ca\u00f1edo agradeci\u00f3 la apertura de los consejeros universitarios, a quienes asegur\u00f3 que de ser electo su administraci\u00f3n ser\u00e1 siempre una aliada de esta Casa de Estudios, y brindar\u00e1 las facilidades y permisos necesarios para mejorar la movilidad y propiciar el crecimiento de las zonas aleda\u00f1as al nuevo proyecto de Ciudad Universitaria 2.<\/p>\n<p class=\"rtejustify\">El candidato a la alcald\u00eda de Puebla se\u00f1al\u00f3 que su plan de trabajo se sustenta en cinco ejes de acci\u00f3n: seguridad, Puebla participativa, promoci\u00f3n de la cultura tur\u00edstica, Puebla como ciudad con futuro, inteligente y digital, y ciudad sustentable.<\/p>\n<p class=\"rtejustify\">Al ser cuestionado por el Consejo Universitario sobre la creaci\u00f3n de empleos para j\u00f3venes egresados, se pronunci\u00f3 por impulsar nuevas empresas y atraer inversiones con la facilidad de digitalizar los tr\u00e1mites y acortar tiempos, a fin de garantizar la apertura de negocios que puedan ofrecer m\u00e1s fuentes de trabajo.<\/p>\n<p class=\"rtejustify\">Rafael Ca\u00f1edo Carri\u00f3n forma parte de la tercera generaci\u00f3n de una familia de empresarios dedicados a la radiodifusi\u00f3n; es poblano, egresado de la Licenciatura en Administraci\u00f3n de Empresas por la Universidad Iberoamericana. Tiene dos maestr\u00edas, una en Administraci\u00f3n y Transformaci\u00f3n, as\u00ed como en Alta Direcci\u00f3n, por el Instituto Panamericano de Alta Direcci\u00f3n de Empresas.<\/p>\n","protected":false},"excerpt":{"rendered":"<p>En la presentaci\u00f3n del plan de trabajo del candidato a la presidencia municipal de Puebla por el Partido Movimiento Ciudadano, Rafael Ca\u00f1edo Carri\u00f3n, la Rectora Mar\u00eda Lilia Cedillo Ram\u00edrez celebr\u00f3 la presencia del aspirante, pues asegur\u00f3 que la exposici\u00f3n de las propuestas de gobierno permitir\u00e1 a la comunidad universitaria tener informaci\u00f3n para ejercer un voto [&hellip;]<\/p>\n","protected":false},"author":26,"featured_media":409829,"comment_status":"open","ping_status":"open","sticky":false,"template":"","format":"standard","meta":{"footnotes":""},"categories":[46847],"tags":[47256],"yst_prominent_words":[29585,30096,54012,29666,31137,30295,29786,30632,39052,30690,29562,30313,29801],"class_list":["post-409827","post","type-post","status-publish","format-standard","has-post-thumbnail","hentry","category-esfera-universitaria","tag-esfera-universitaria"],"_links":{"self":[{"href":"https:\/\/sintesis.com.mx\/puebla\/wp-json\/wp\/v2\/posts\/409827"}],"collection":[{"href":"https:\/\/sintesis.com.mx\/puebla\/wp-json\/wp\/v2\/posts"}],"about":[{"href":"https:\/\/sintesis.com.mx\/puebla\/wp-json\/wp\/v2\/types\/post"}],"author":[{"embeddable":true,"href":"https:\/\/sintesis.com.mx\/puebla\/wp-json\/wp\/v2\/users\/26"}],"replies":[{"embeddable":true,"href":"https:\/\/sintesis.com.mx\/puebla\/wp-json\/wp\/v2\/comments?post=409827"}],"version-history":[{"count":1,"href":"https:\/\/sintesis.com.mx\/puebla\/wp-json\/wp\/v2\/posts\/409827\/revisions"}],"predecessor-version":[{"id":409836,"href":"https:\/\/sintesis.com.mx\/puebla\/wp-json\/wp\/v2\/posts\/409827\/revisions\/409836"}],"wp:featuredmedia":[{"embeddable":true,"href":"https:\/\/sintesis.com.mx\/puebla\/wp-json\/wp\/v2\/media\/409829"}],"wp:attachment":[{"href":"https:\/\/sintesis.com.mx\/puebla\/wp-json\/wp\/v2\/media?parent=409827"}],"wp:term":[{"taxonomy":"category","embeddable":true,"href":"https:\/\/sintesis.com.mx\/puebla\/wp-json\/wp\/v2\/categories?post=409827"},{"taxonomy":"post_tag","embeddable":true,"href":"https:\/\/sintesis.com.mx\/puebla\/wp-json\/wp\/v2\/tags?post=409827"},{"taxonomy":"yst_prominent_words","embeddable":true,"href":"https:\/\/sintesis.com.mx\/puebla\/wp-json\/wp\/v2\/yst_prominent_words?post=409827"}],"curies":[{"name":"wp","href":"https:\/\/api.w.org\/{rel}","templated":true}]}}