{"id":415604,"date":"2024-07-11T19:41:27","date_gmt":"2024-07-12T01:41:27","guid":{"rendered":"https:\/\/sintesis.com.mx\/puebla\/?p=415604"},"modified":"2024-07-11T19:41:27","modified_gmt":"2024-07-12T01:41:27","slug":"sheinbaum-armenta-unidad","status":"publish","type":"post","link":"https:\/\/sintesis.com.mx\/puebla\/2024\/07\/11\/sheinbaum-armenta-unidad\/","title":{"rendered":"Sheinbaum y Armenta en unidad con el PT para consolidar la transformaci\u00f3n"},"content":{"rendered":"<p>En Puebla, la unidad fue clave para para incorporar a todos los sectores y alcanzar los buenos resultados, expres\u00f3 el dirigente nacional del Partido del Trabajo Alberto Anaya, al destacar que con Claudia Sheinbaum, y con Alejandro Armenta a M\u00e9xico y a Puebla, les espera un gran futuro, al resaltar que cuentan con el respaldo y todo apoyo del PT.<\/p>\n<p>En un encuentro con la estructura al que asistieron adem\u00e1s la senadora electa Liz S\u00e1nchez y el diputado local electo Antonio V\u00e1zquez, el gobernador electo de Puebla Alejandro Armenta recibi\u00f3 el respaldo del dirigente nacional petista, quien destac\u00f3 que el conocimiento que tiene el pr\u00f3ximo gobernador del estado, lo llevar\u00e1 a actuar con tiros de precisi\u00f3n, en los problemas fundamentales que aquejan a Puebla, como la corrupci\u00f3n, el desempleo, la pobreza, y la desigualdad, enfocando acciones que lo lleven a ejercer un gobierno de excelencia.<\/p>\n<p>El gobernador electo de Puebla, Alejandro Armenta, en su mensaje resalt\u00f3 que la unidad y coordinaci\u00f3n con el gobierno federal que encabezar\u00e1 la presidenta electa, Claudia Sheinbaum, ser\u00e1 determinante para alcanzar los resultados con un manejo claro y transparente de la econom\u00eda, y mejor distribuci\u00f3n del ingreso a trav\u00e9s de programas sociales que han beneficiado a millones de mexicanos.<\/p>\n<p>Expres\u00f3 que, los resultados son un compromiso con los poblanos quien sentaron un precedente en una participaci\u00f3n hist\u00f3rica en la vida de la entidad, sostuvo que el estado es de alta prioridad para el desarrollo de estrategias enfocadas a un trabajo coordinado con los ayuntamientos, para dar continuidad a la consolidaci\u00f3n de un gobierno humanista, transparente y responsable que inici\u00f3 el presidente Andr\u00e9s Manuel L\u00f3pez Obrador. El gobernador electo ponder\u00f3 el momento, en el que la preparaci\u00f3n es importante para responder a las necesidades de los ciudadanos que esperan resultados y soluci\u00f3n a sus problemas por parte de los servidores p\u00fablicos.<\/p>\n<p>Al evento acompa\u00f1aron al gobernador electo de Puebla, y al dirigente nacional del PT, Ernesto Villareal Cant\u00fa, coordinador pol\u00edtico nacional; Nora Merino Escamilla, diputada electa; Jos\u00e9 Antonio L\u00f3pez Ruiz, diputado federal; Esther Mart\u00ednez Romano, diputada local electa; Ang\u00e9lica Alvarado, diputada local electa; Xel Arianna Hern\u00e1ndez Garc\u00eda, diputada local electa; Jos\u00e9 Luis Figueroa Cortes, diputado local electo y M\u00f3nica Silva, sindica electa en el municipio de Puebla.<\/p>\n","protected":false},"excerpt":{"rendered":"<p>En Puebla, la unidad fue clave para para incorporar a todos los sectores y alcanzar los buenos resultados, expres\u00f3 el dirigente nacional del Partido del Trabajo Alberto Anaya, al destacar que con Claudia Sheinbaum, y con Alejandro Armenta a M\u00e9xico y a Puebla, les espera un gran futuro, al resaltar que cuentan con el respaldo [&hellip;]<\/p>\n","protected":false},"author":26,"featured_media":415605,"comment_status":"open","ping_status":"open","sticky":false,"template":"","format":"standard","meta":{"footnotes":""},"categories":[3,11],"tags":[19836,18,74364,23,8253,20668,40526],"yst_prominent_words":[48633,30715,31382,59396,31373,29562],"class_list":["post-415604","post","type-post","status-publish","format-standard","has-post-thumbnail","hentry","category-puebla","category-slide","tag-armenta","tag-puebla","tag-sheinbaum","tag-slide","tag-slideapp","tag-slider","tag-sliderapp"],"_links":{"self":[{"href":"https:\/\/sintesis.com.mx\/puebla\/wp-json\/wp\/v2\/posts\/415604"}],"collection":[{"href":"https:\/\/sintesis.com.mx\/puebla\/wp-json\/wp\/v2\/posts"}],"about":[{"href":"https:\/\/sintesis.com.mx\/puebla\/wp-json\/wp\/v2\/types\/post"}],"author":[{"embeddable":true,"href":"https:\/\/sintesis.com.mx\/puebla\/wp-json\/wp\/v2\/users\/26"}],"replies":[{"embeddable":true,"href":"https:\/\/sintesis.com.mx\/puebla\/wp-json\/wp\/v2\/comments?post=415604"}],"version-history":[{"count":1,"href":"https:\/\/sintesis.com.mx\/puebla\/wp-json\/wp\/v2\/posts\/415604\/revisions"}],"predecessor-version":[{"id":415606,"href":"https:\/\/sintesis.com.mx\/puebla\/wp-json\/wp\/v2\/posts\/415604\/revisions\/415606"}],"wp:featuredmedia":[{"embeddable":true,"href":"https:\/\/sintesis.com.mx\/puebla\/wp-json\/wp\/v2\/media\/415605"}],"wp:attachment":[{"href":"https:\/\/sintesis.com.mx\/puebla\/wp-json\/wp\/v2\/media?parent=415604"}],"wp:term":[{"taxonomy":"category","embeddable":true,"href":"https:\/\/sintesis.com.mx\/puebla\/wp-json\/wp\/v2\/categories?post=415604"},{"taxonomy":"post_tag","embeddable":true,"href":"https:\/\/sintesis.com.mx\/puebla\/wp-json\/wp\/v2\/tags?post=415604"},{"taxonomy":"yst_prominent_words","embeddable":true,"href":"https:\/\/sintesis.com.mx\/puebla\/wp-json\/wp\/v2\/yst_prominent_words?post=415604"}],"curies":[{"name":"wp","href":"https:\/\/api.w.org\/{rel}","templated":true}]}}