{"id":416091,"date":"2024-07-14T16:45:36","date_gmt":"2024-07-14T22:45:36","guid":{"rendered":"https:\/\/sintesis.com.mx\/puebla\/?p=416091"},"modified":"2024-07-14T21:32:44","modified_gmt":"2024-07-15T03:32:44","slug":"la-marea-verde","status":"publish","type":"post","link":"https:\/\/sintesis.com.mx\/puebla\/2024\/07\/14\/la-marea-verde\/","title":{"rendered":"La marea verde inundar\u00e1 las calles de Puebla ante la despenalizaci\u00f3n del aborto"},"content":{"rendered":"<p>Colectivas y simpatizantes de Morena se pronunciaron a favor de la despenalizaci\u00f3n del aborto, anunciando que inundar\u00e1n las calles este lunes con pa\u00f1uelos verdes, momento en que Puebla se convertir\u00e1 en el estado 14 en sumarse a las legislaturas que han dejado de criminalizar a las mujeres por su derecho a decidir.<\/p>\n<p>Las y los diputados del Congreso del Estado aprobar\u00e1n modificaciones al c\u00f3digo penal para retirar sanciones a las personas que interrumpan su embarazo antes de la semana 12, posterior al periodo se impondr\u00e1n sanciones de 6 meses a un a\u00f1o de c\u00e1rcel.<\/p>\n<p>En conferencia de prensa, demandaron que se respete la determinaci\u00f3n de la Suprema Corte de Justicia de la Naci\u00f3n (SCJN) de 2021 cuando dict\u00f3 sentencia para dejar de criminalizar a las mujeres.<\/p>\n<p>La activista, Lizeth Mejorada afirm\u00f3 que este lunes llegar\u00e1n al Congreso del Estado m\u00e1s personas que est\u00e1n a favor de la iniciativa; sin duda, las calles estar\u00e1n llenas de pa\u00f1uelos verdes.<\/p>\n<p>Consider\u00f3 que la postura del PAN y organizaciones provida son congruente con su filosof\u00eda y no sorprende, sin embargo, record\u00f3 que el art\u00edculo 40 constitucional deja en claro el estado laico.<\/p>\n<p>\u201cUna persona que es funcionaria p\u00fablica debe deslindarse de sus creencias, no pueden sobreponerse al bienestar, debemos respetar la constituci\u00f3n. No decimos que dejen de creer, que dejen ir a misa, s\u00f3lo que respeten la constituci\u00f3n, hicieron un juramento de respetarla. Va a ir al cielo aunque voten por la despenalizaci\u00f3n, hay mucha teolog\u00eda al respecto\u201d.<\/p>\n<p>Manifest\u00f3 que se llev\u00f3 a cabo un Parlamento Abierto plural donde participaron todos los sectores sociales incluido el diputado de Morena, Fernando S\u00e1nchez Sasia, quien dijo que no hab\u00eda sido discutido el tema y por eso vot\u00f3 en abstenci\u00f3n.<\/p>\n<p>\u201cParece que hace 6 a\u00f1os se perdi\u00f3 el parlamento abierto que existi\u00f3 en el congreso y ahora ya no se acuerda. Esperamos que con la informaci\u00f3n que le hizo llegar Roc\u00edo Garc\u00eda Olmedo pueda tomar esta decisi\u00f3n informada y congruente con el espacio que est\u00e1 representando. Cualquiera de mis compa\u00f1eras lo pudo haber utilizado mejor\u201d.<\/p>\n","protected":false},"excerpt":{"rendered":"<p>Colectivas y simpatizantes de Morena se pronunciaron a favor de la despenalizaci\u00f3n del aborto, anunciando que inundar\u00e1n las calles este lunes con pa\u00f1uelos verdes, momento en que Puebla se convertir\u00e1 en el estado 14 en sumarse a las legislaturas que han dejado de criminalizar a las mujeres por su derecho a decidir. Las y los [&hellip;]<\/p>\n","protected":false},"author":9,"featured_media":0,"comment_status":"open","ping_status":"open","sticky":false,"template":"","format":"standard","meta":{"footnotes":""},"categories":[3],"tags":[1960,24387,41,65,27,72586,85014,332,18],"yst_prominent_words":[31912,29787,64781,32835,62855,56175,34061,30987,32651,30439,31161,34736,30043,46257],"class_list":["post-416091","post","type-post","status-publish","format-standard","hentry","category-puebla","tag-congreso-del-estado","tag-despenalizacion-del-aborto","tag-es-noticia","tag-esnoticia","tag-hoyesnoticia","tag-lizeth-mejorada","tag-marea-verde","tag-morena","tag-puebla"],"_links":{"self":[{"href":"https:\/\/sintesis.com.mx\/puebla\/wp-json\/wp\/v2\/posts\/416091"}],"collection":[{"href":"https:\/\/sintesis.com.mx\/puebla\/wp-json\/wp\/v2\/posts"}],"about":[{"href":"https:\/\/sintesis.com.mx\/puebla\/wp-json\/wp\/v2\/types\/post"}],"author":[{"embeddable":true,"href":"https:\/\/sintesis.com.mx\/puebla\/wp-json\/wp\/v2\/users\/9"}],"replies":[{"embeddable":true,"href":"https:\/\/sintesis.com.mx\/puebla\/wp-json\/wp\/v2\/comments?post=416091"}],"version-history":[{"count":3,"href":"https:\/\/sintesis.com.mx\/puebla\/wp-json\/wp\/v2\/posts\/416091\/revisions"}],"predecessor-version":[{"id":416105,"href":"https:\/\/sintesis.com.mx\/puebla\/wp-json\/wp\/v2\/posts\/416091\/revisions\/416105"}],"wp:attachment":[{"href":"https:\/\/sintesis.com.mx\/puebla\/wp-json\/wp\/v2\/media?parent=416091"}],"wp:term":[{"taxonomy":"category","embeddable":true,"href":"https:\/\/sintesis.com.mx\/puebla\/wp-json\/wp\/v2\/categories?post=416091"},{"taxonomy":"post_tag","embeddable":true,"href":"https:\/\/sintesis.com.mx\/puebla\/wp-json\/wp\/v2\/tags?post=416091"},{"taxonomy":"yst_prominent_words","embeddable":true,"href":"https:\/\/sintesis.com.mx\/puebla\/wp-json\/wp\/v2\/yst_prominent_words?post=416091"}],"curies":[{"name":"wp","href":"https:\/\/api.w.org\/{rel}","templated":true}]}}