{"id":417972,"date":"2024-07-29T11:10:25","date_gmt":"2024-07-29T17:10:25","guid":{"rendered":"https:\/\/sintesis.com.mx\/puebla\/?p=417972"},"modified":"2024-07-29T11:10:25","modified_gmt":"2024-07-29T17:10:25","slug":"morat-embajadores-la-musica-colombiana","status":"publish","type":"post","link":"https:\/\/sintesis.com.mx\/puebla\/2024\/07\/29\/morat-embajadores-la-musica-colombiana\/","title":{"rendered":"Morat embajadores de la m\u00fasica colombiana"},"content":{"rendered":"<p>El Concejo de Bogot\u00e1 entreg\u00f3 este lunes una conmemoraci\u00f3n a la banda<strong> Morat<\/strong>, oriunda de esta ciudad, por su <em>\u00abtalento, trabajo y sentido social\u00bb<\/em> y por ser embajadores de la m\u00fasica colombiana llevando sus canciones por todo el mundo, despu\u00e9s de llenar hace un mes dos veces consecutivas el estadio <strong>El Camp\u00edn<\/strong>.<\/p>\n<p>As\u00ed, se les entreg\u00f3 la Orden Civil al M\u00e9rito Jos\u00e9 Acevedo y G\u00f3mez en el grado de Cruz de Plata, un reconocimiento que se entrega a ciudadanos de gran importancia o aquellos que est\u00e9n promoviendo el legado de la ciudad.<\/p>\n<p><strong>Juan Pablo Villamil<\/strong>, uno de los vocalistas de la banda, fue el encargado de expresar su gratitud en nombre de los cuatro: <em><strong>\u00abHoy sabemos que este es el reconocimiento m\u00e1s grande de nuestra carrera\u00bb<\/strong><\/em>.<\/p>\n<p>El cantante se mostr\u00f3 emocionado por el reconocimiento y agreg\u00f3 que su compromiso con Bogot\u00e1 <em><strong>\u00abes m\u00e1s fuerte que nunca\u00bb<\/strong><\/em>.<\/p>\n<p>Y es que la banda est\u00e1 asociada con la Secretar\u00eda de Educaci\u00f3n a trav\u00e9s de su fundaci\u00f3n <em>&#8216;Aprender a Quererte&#8217;<\/em> para un proyecto de apoyo a la ense\u00f1anza de los m\u00e1s peque\u00f1os, una iniciativa que ya se puso en pr\u00e1ctica en el departamento de Risaralda (centro), pero que en este semestre se instaurar\u00e1 en la capital.<\/p>\n<p><strong><em>\u00abNosotros crecimos siendo amigos, colombianos, y siendo conscientes de todo lo que nos rodea<\/em><\/strong>\u00ab, dijo Villamil recordando que ellos crecieron en una \u00e9poca \u00ab<em><strong>complicada para Colombia\u00bb<\/strong><\/em> y que eso los uni\u00f3 m\u00e1s.<\/p>\n<p>La postulaci\u00f3n al reconocimiento fue propuesta por el concejal <strong>Juli\u00e1n Rodr\u00edguez Sastoque<\/strong>, quien emocionado reconoci\u00f3 que era seguidor de la banda y estuvo <em>\u00abmuy ilusionado\u00bb<\/em> de poder entreg\u00e1rsela a los cuatro j\u00f3venes.<\/p>\n<p><em><strong>\u00abHan llevado el nombre de la ciudad a lo m\u00e1s alto, dejando una huella imborrable en cada escenario que pisan\u00bb<\/strong><\/em>, dijo <strong>Sastoque<\/strong> antes de la entrega de las cruces plateadas y la banda de los colores de<strong> Bogot\u00e1<\/strong> que port\u00f3 <strong>Mart\u00edn Vargas<\/strong>, el m\u00e1s joven de la agrupaci\u00f3n.<\/p>\n<p><em><strong>\u00abEstos cuatro j\u00f3venes le permiten a cada ni\u00f1o de esta ciudad so\u00f1ar y saber que puede valorar ser artista de la misma manera que puede ser abogado, ingeniero o doctor\u00bb<\/strong><\/em>, a\u00f1adi\u00f3 el concejal.<\/p>\n<p>Con m\u00e1s de 15 millones de reproducciones, los integrantes de la banda recordaron en una rueda de prensa posterior a la entrega, que pretenden seguir <em>\u00absiendo fieles\u00bb<\/em> a su m\u00fasica y que quieren que <strong>Morat<\/strong> siga reconoci\u00e9ndose como una <em>\u00abbanda global colombiana\u00bb.<\/em><\/p>\n","protected":false},"excerpt":{"rendered":"<p>El Concejo de Bogot\u00e1 entreg\u00f3 este lunes una conmemoraci\u00f3n a la banda Morat, oriunda de esta ciudad, por su \u00abtalento, trabajo y sentido social\u00bb y por ser embajadores de la m\u00fasica colombiana llevando sus canciones por todo el mundo, despu\u00e9s de llenar hace un mes dos veces consecutivas el estadio El Camp\u00edn. As\u00ed, se les [&hellip;]<\/p>\n","protected":false},"author":26,"featured_media":417978,"comment_status":"open","ping_status":"open","sticky":false,"template":"","format":"standard","meta":{"footnotes":""},"categories":[6,87370],"tags":[88272,1793,31,41,65,386,27,1084,390,1374],"yst_prominent_words":[29648,29783,29666,58725,31682,38634,30081,30206,31347,32848,44464,33049],"class_list":["post-417972","post","type-post","status-publish","format-standard","has-post-thumbnail","hentry","category-entretenimiento","category-espectaculos","tag-bogota","tag-colombia","tag-entretenimiento","tag-es-noticia","tag-esnoticia","tag-espectaculos","tag-hoyesnoticia","tag-morat","tag-musica","tag-reconocimiento"],"_links":{"self":[{"href":"https:\/\/sintesis.com.mx\/puebla\/wp-json\/wp\/v2\/posts\/417972"}],"collection":[{"href":"https:\/\/sintesis.com.mx\/puebla\/wp-json\/wp\/v2\/posts"}],"about":[{"href":"https:\/\/sintesis.com.mx\/puebla\/wp-json\/wp\/v2\/types\/post"}],"author":[{"embeddable":true,"href":"https:\/\/sintesis.com.mx\/puebla\/wp-json\/wp\/v2\/users\/26"}],"replies":[{"embeddable":true,"href":"https:\/\/sintesis.com.mx\/puebla\/wp-json\/wp\/v2\/comments?post=417972"}],"version-history":[{"count":1,"href":"https:\/\/sintesis.com.mx\/puebla\/wp-json\/wp\/v2\/posts\/417972\/revisions"}],"predecessor-version":[{"id":417984,"href":"https:\/\/sintesis.com.mx\/puebla\/wp-json\/wp\/v2\/posts\/417972\/revisions\/417984"}],"wp:featuredmedia":[{"embeddable":true,"href":"https:\/\/sintesis.com.mx\/puebla\/wp-json\/wp\/v2\/media\/417978"}],"wp:attachment":[{"href":"https:\/\/sintesis.com.mx\/puebla\/wp-json\/wp\/v2\/media?parent=417972"}],"wp:term":[{"taxonomy":"category","embeddable":true,"href":"https:\/\/sintesis.com.mx\/puebla\/wp-json\/wp\/v2\/categories?post=417972"},{"taxonomy":"post_tag","embeddable":true,"href":"https:\/\/sintesis.com.mx\/puebla\/wp-json\/wp\/v2\/tags?post=417972"},{"taxonomy":"yst_prominent_words","embeddable":true,"href":"https:\/\/sintesis.com.mx\/puebla\/wp-json\/wp\/v2\/yst_prominent_words?post=417972"}],"curies":[{"name":"wp","href":"https:\/\/api.w.org\/{rel}","templated":true}]}}