{"id":421401,"date":"2024-08-17T14:59:37","date_gmt":"2024-08-17T20:59:37","guid":{"rendered":"https:\/\/sintesis.com.mx\/puebla\/?p=421401"},"modified":"2024-08-17T14:59:37","modified_gmt":"2024-08-17T20:59:37","slug":"cuento-cine-musica","status":"publish","type":"post","link":"https:\/\/sintesis.com.mx\/puebla\/2024\/08\/17\/cuento-cine-musica\/","title":{"rendered":"Cuento, cine, m\u00fasica y m\u00e1s en la agenda cultural del Ayuntamiento de Puebla"},"content":{"rendered":"<p>Este 17 y 18 de agosto, el Ayuntamiento de Puebla, a trav\u00e9s del Instituto Municipal de Arte y Cultura, ofrece una serie de actividades gratuitas para todo el p\u00fablico, haciendo del Centro Hist\u00f3rico un punto de encuentro y espect\u00e1culos de cuento, cine m\u00fasica y m\u00e1s.<\/p>\n<p>El s\u00e1bado, en el Z\u00f3calo de la ciudad, el Museo Amparo imparte el Taller de Barro, sin costo ni inscripci\u00f3n previa. En tanto, el programa \u00abEstaci\u00f3n Verano\u00bb comenzar\u00e1 proyecciones de cine al medio d\u00eda, en el Museo Nacional de los Ferrocarriles, con el ciclo &#8216;Miradas y reflexiones de Alto Refugio&#8217;, adem\u00e1s de un concierto del Quinteto de Alientos-Madera, a las 13:00 horas.<\/p>\n<p>Y con el festival \u00abFiesta de la Palabra\u00bb, las y los m\u00e1s peque\u00f1os podr\u00e1n disfrutar de un d\u00eda lleno de talleres, cuentos y presentaciones infantiles en el Centro Cultural San Roque (Av. Don Juan de Palafox y. Mendoza #605), desde las 11:00 horas. Adem\u00e1s, para los fans de la m\u00fasica, el Z\u00f3calo ser\u00e1 el escenario para el concierto de guitarra cl\u00e1sica, a cargo de Roberto Vall\u00edn a las 16:00 horas, seguido de una presentaci\u00f3n de Marching Band UPAEP.<\/p>\n<p>El domingo, el Z\u00f3calo ser\u00e1 sede para el tradicional concierto de la Banda Sinf\u00f3nica Municipal, al mediod\u00eda. M\u00e1s tarde, a las 16:00 horas, se presentar\u00e1n los grupos de Danza Regional Mitotiqui Cenxihuitl y Ballet Folkl\u00f3rico Itzamat-U. Este dar\u00e1 paso a la presentaci\u00f3n especial por el 2\u00b0 aniversario del Ballet Folcl\u00f3rico Incluyente Tri\u00e1ngulo Rosa, en el Teatro de la Ciudad a las 17:00 horas. Este d\u00eda tambi\u00e9n contin\u00faa en el Museo Nacional de los Ferrocarriles el ciclo de cine \u201cMiradas y reflexiones de casa Alto Refugio\u201d, al mediod\u00eda.<\/p>\n<p>Asimismo, es el \u00faltimo d\u00eda de la Fiesta de la Palabra, con un rally que, de vag\u00f3n en vag\u00f3n, se realizar\u00e1 una din\u00e1mica de cuenta cuentos a las 11:00 horas, adem\u00e1s de otras actividades como el show \u00abGracias por tu viento\u00bb, a las 13:30 horas y \u00abVientos Huracanados\u201d a las 14:00 horas. La programaci\u00f3n completa puede consultarse en las redes sociales @PueblaAyto e @IMACP y en la p\u00e1gina oficial pueblacapital.gob.mx.<\/p>\n","protected":false},"excerpt":{"rendered":"<p>Este 17 y 18 de agosto, el Ayuntamiento de Puebla, a trav\u00e9s del Instituto Municipal de Arte y Cultura, ofrece una serie de actividades gratuitas para todo el p\u00fablico, haciendo del Centro Hist\u00f3rico un punto de encuentro y espect\u00e1culos de cuento, cine m\u00fasica y m\u00e1s. El s\u00e1bado, en el Z\u00f3calo de la ciudad, el Museo [&hellip;]<\/p>\n","protected":false},"author":26,"featured_media":421402,"comment_status":"open","ping_status":"open","sticky":false,"template":"","format":"standard","meta":{"footnotes":""},"categories":[8,3,11],"tags":[65,27,18,23,20668,40526],"yst_prominent_words":[30064,29724,40877,49535,29666,32150,29816,34103,47124,31347,30023,33770],"class_list":["post-421401","post","type-post","status-publish","format-standard","has-post-thumbnail","hentry","category-hoyesnoticia","category-puebla","category-slide","tag-esnoticia","tag-hoyesnoticia","tag-puebla","tag-slide","tag-slider","tag-sliderapp"],"_links":{"self":[{"href":"https:\/\/sintesis.com.mx\/puebla\/wp-json\/wp\/v2\/posts\/421401"}],"collection":[{"href":"https:\/\/sintesis.com.mx\/puebla\/wp-json\/wp\/v2\/posts"}],"about":[{"href":"https:\/\/sintesis.com.mx\/puebla\/wp-json\/wp\/v2\/types\/post"}],"author":[{"embeddable":true,"href":"https:\/\/sintesis.com.mx\/puebla\/wp-json\/wp\/v2\/users\/26"}],"replies":[{"embeddable":true,"href":"https:\/\/sintesis.com.mx\/puebla\/wp-json\/wp\/v2\/comments?post=421401"}],"version-history":[{"count":1,"href":"https:\/\/sintesis.com.mx\/puebla\/wp-json\/wp\/v2\/posts\/421401\/revisions"}],"predecessor-version":[{"id":421403,"href":"https:\/\/sintesis.com.mx\/puebla\/wp-json\/wp\/v2\/posts\/421401\/revisions\/421403"}],"wp:featuredmedia":[{"embeddable":true,"href":"https:\/\/sintesis.com.mx\/puebla\/wp-json\/wp\/v2\/media\/421402"}],"wp:attachment":[{"href":"https:\/\/sintesis.com.mx\/puebla\/wp-json\/wp\/v2\/media?parent=421401"}],"wp:term":[{"taxonomy":"category","embeddable":true,"href":"https:\/\/sintesis.com.mx\/puebla\/wp-json\/wp\/v2\/categories?post=421401"},{"taxonomy":"post_tag","embeddable":true,"href":"https:\/\/sintesis.com.mx\/puebla\/wp-json\/wp\/v2\/tags?post=421401"},{"taxonomy":"yst_prominent_words","embeddable":true,"href":"https:\/\/sintesis.com.mx\/puebla\/wp-json\/wp\/v2\/yst_prominent_words?post=421401"}],"curies":[{"name":"wp","href":"https:\/\/api.w.org\/{rel}","templated":true}]}}