{"id":421872,"date":"2024-08-20T16:39:05","date_gmt":"2024-08-20T22:39:05","guid":{"rendered":"https:\/\/sintesis.com.mx\/puebla\/?p=421872"},"modified":"2024-08-20T16:39:05","modified_gmt":"2024-08-20T22:39:05","slug":"me-interesa-poder","status":"publish","type":"post","link":"https:\/\/sintesis.com.mx\/puebla\/2024\/08\/20\/me-interesa-poder\/","title":{"rendered":"Me interesa poder ayudar al PAN, Edmundo Tlatehui Percino"},"content":{"rendered":"<p>Alma Liliana Vel\u00e1zquez\/ S\u00edntesis<\/p>\n<p>Tras reiterar su inter\u00e9s por encabezar los trabajos de reconstrucci\u00f3n del partido <strong>Acci\u00f3n Nacional en el estado, Edmundo Tlatehui Percino<\/strong> dijo que su mayor inter\u00e9s es que este partido se fortalezca y de no ser elegido, estar\u00e1 sumado y en la disposici\u00f3n de ello.<\/p>\n<p>El alcalde sanandrese\u00f1o dijo que se debe buscar la participaci\u00f3n de la militancia ya que no le encontrar\u00eda sentido a ser militante sino puede tomar decisiones importantes en el partido y por ello, es necesario que se tome en cuenta la opini\u00f3n.<\/p>\n<p>Abund\u00f3 que hay mucho trabajo por hacer, ya que se debe generar la reconstrucci\u00f3n de Acci\u00f3n Nacional, generar cercan\u00eda con la militancia y con la ciudadan\u00eda y trabajar de cara al proceso 2027 y todo ello con unidad.<\/p>\n<p><strong>\u201cSi tengo inter\u00e9s de participar, en encabezar estos trabajos de reconstrucci\u00f3n, pero el mayor inter\u00e9s es que Acci\u00f3n Nacional se fortalezca, si contamos con el respaldo de la militancia ser\u00e1 un honor trabajar para ello, pero si no es as\u00ed, estoy sumado y en la mejor disposici\u00f3n me interesa poder apoyar\u201d.<\/strong><\/p>\n","protected":false},"excerpt":{"rendered":"<p>Alma Liliana Vel\u00e1zquez\/ S\u00edntesis Tras reiterar su inter\u00e9s por encabezar los trabajos de reconstrucci\u00f3n del partido Acci\u00f3n Nacional en el estado, Edmundo Tlatehui Percino dijo que su mayor inter\u00e9s es que este partido se fortalezca y de no ser elegido, estar\u00e1 sumado y en la disposici\u00f3n de ello. El alcalde sanandrese\u00f1o dijo que se debe [&hellip;]<\/p>\n","protected":false},"author":6,"featured_media":360912,"comment_status":"open","ping_status":"open","sticky":false,"template":"","format":"standard","meta":{"footnotes":""},"categories":[12,8,9],"tags":[9798,41,65,27,8254,358,18,59],"yst_prominent_words":[30170,30162,36984,53823,57546,31095,34626,30693,43147,30023,30086,29704,46806,31802,33558],"class_list":["post-421872","post","type-post","status-publish","format-standard","has-post-thumbnail","hentry","category-cholula","category-hoyesnoticia","category-municipios","tag-edmundo-tlatehui-percino","tag-es-noticia","tag-esnoticia","tag-hoyesnoticia","tag-hoyesnoticiaapp","tag-pan","tag-puebla","tag-san-andres-cholula"],"_links":{"self":[{"href":"https:\/\/sintesis.com.mx\/puebla\/wp-json\/wp\/v2\/posts\/421872"}],"collection":[{"href":"https:\/\/sintesis.com.mx\/puebla\/wp-json\/wp\/v2\/posts"}],"about":[{"href":"https:\/\/sintesis.com.mx\/puebla\/wp-json\/wp\/v2\/types\/post"}],"author":[{"embeddable":true,"href":"https:\/\/sintesis.com.mx\/puebla\/wp-json\/wp\/v2\/users\/6"}],"replies":[{"embeddable":true,"href":"https:\/\/sintesis.com.mx\/puebla\/wp-json\/wp\/v2\/comments?post=421872"}],"version-history":[{"count":3,"href":"https:\/\/sintesis.com.mx\/puebla\/wp-json\/wp\/v2\/posts\/421872\/revisions"}],"predecessor-version":[{"id":421880,"href":"https:\/\/sintesis.com.mx\/puebla\/wp-json\/wp\/v2\/posts\/421872\/revisions\/421880"}],"wp:featuredmedia":[{"embeddable":true,"href":"https:\/\/sintesis.com.mx\/puebla\/wp-json\/wp\/v2\/media\/360912"}],"wp:attachment":[{"href":"https:\/\/sintesis.com.mx\/puebla\/wp-json\/wp\/v2\/media?parent=421872"}],"wp:term":[{"taxonomy":"category","embeddable":true,"href":"https:\/\/sintesis.com.mx\/puebla\/wp-json\/wp\/v2\/categories?post=421872"},{"taxonomy":"post_tag","embeddable":true,"href":"https:\/\/sintesis.com.mx\/puebla\/wp-json\/wp\/v2\/tags?post=421872"},{"taxonomy":"yst_prominent_words","embeddable":true,"href":"https:\/\/sintesis.com.mx\/puebla\/wp-json\/wp\/v2\/yst_prominent_words?post=421872"}],"curies":[{"name":"wp","href":"https:\/\/api.w.org\/{rel}","templated":true}]}}