{"id":422555,"date":"2024-08-25T11:18:11","date_gmt":"2024-08-25T17:18:11","guid":{"rendered":"https:\/\/sintesis.com.mx\/puebla\/?p=422555"},"modified":"2024-08-25T11:18:11","modified_gmt":"2024-08-25T17:18:11","slug":"perez-popoca-compromete","status":"publish","type":"post","link":"https:\/\/sintesis.com.mx\/puebla\/2024\/08\/25\/perez-popoca-compromete\/","title":{"rendered":"P\u00e9rez Popoca compromete apoyo con ediles del distrito 10"},"content":{"rendered":"<p>La <strong>diputada federal electa por el distrito 10, Karina P\u00e9rez Popoca<\/strong> quiere dejar atr\u00e1s la visi\u00f3n individualista del trabajo que en pr\u00f3ximos d\u00edas estar\u00e1 asumiendo y present\u00f3 la coordinaci\u00f3n distrital con la agenda de actividades planeadas para apoyar a estos cinco municipios.<\/p>\n<p>Dijo que todas las voces y pensamientos fortalecer\u00e1n el trabajo de gobernabilidad, gesti\u00f3n y proximidad, ya que comprometi\u00f3 un respaldo total a estos municipios sin importar colores ni partidos para generar acciones a favor de los ciudadanos en materia de seguridad, educaci\u00f3n, salud.<\/p>\n<p style=\"text-align: center;\"><strong>\u201cEs una agenda legislativa que ya tiene tareas asignadas y fechas propuestas y que sepan los presidentes y presidentas que estoy en la mejor disposici\u00f3n de colaborar con todos, no viendo partidos pol\u00edticos, y estoy hablando de una gran visi\u00f3n de fuerzas para cumplir con las tareas que han estado pendiente\u201d.<\/strong><\/p>\n<p>Abund\u00f3 que en esta agenda legislativa los temas inmediatos es el tema de la recolecci\u00f3n de basura donde busca impulsar una pol\u00edtica p\u00fablica en la que participen los cinco municipios, as\u00ed como un curso de capacitaci\u00f3n para el primer respondiente con fechas ya determinadas.<\/p>\n","protected":false},"excerpt":{"rendered":"<p>La diputada federal electa por el distrito 10, Karina P\u00e9rez Popoca quiere dejar atr\u00e1s la visi\u00f3n individualista del trabajo que en pr\u00f3ximos d\u00edas estar\u00e1 asumiendo y present\u00f3 la coordinaci\u00f3n distrital con la agenda de actividades planeadas para apoyar a estos cinco municipios. Dijo que todas las voces y pensamientos fortalecer\u00e1n el trabajo de gobernabilidad, gesti\u00f3n [&hellip;]<\/p>\n","protected":false},"author":6,"featured_media":421009,"comment_status":"open","ping_status":"open","sticky":false,"template":"","format":"standard","meta":{"footnotes":""},"categories":[12,9],"tags":[13980,41,27,12090,18],"yst_prominent_words":[31362,31356,35696,51515,30803,37753,33225,29801,46786],"class_list":["post-422555","post","type-post","status-publish","format-standard","has-post-thumbnail","hentry","category-cholula","category-municipios","tag-diputada-federal-electa","tag-es-noticia","tag-hoyesnoticia","tag-karina-perez-popoca","tag-puebla"],"_links":{"self":[{"href":"https:\/\/sintesis.com.mx\/puebla\/wp-json\/wp\/v2\/posts\/422555"}],"collection":[{"href":"https:\/\/sintesis.com.mx\/puebla\/wp-json\/wp\/v2\/posts"}],"about":[{"href":"https:\/\/sintesis.com.mx\/puebla\/wp-json\/wp\/v2\/types\/post"}],"author":[{"embeddable":true,"href":"https:\/\/sintesis.com.mx\/puebla\/wp-json\/wp\/v2\/users\/6"}],"replies":[{"embeddable":true,"href":"https:\/\/sintesis.com.mx\/puebla\/wp-json\/wp\/v2\/comments?post=422555"}],"version-history":[{"count":3,"href":"https:\/\/sintesis.com.mx\/puebla\/wp-json\/wp\/v2\/posts\/422555\/revisions"}],"predecessor-version":[{"id":422581,"href":"https:\/\/sintesis.com.mx\/puebla\/wp-json\/wp\/v2\/posts\/422555\/revisions\/422581"}],"wp:featuredmedia":[{"embeddable":true,"href":"https:\/\/sintesis.com.mx\/puebla\/wp-json\/wp\/v2\/media\/421009"}],"wp:attachment":[{"href":"https:\/\/sintesis.com.mx\/puebla\/wp-json\/wp\/v2\/media?parent=422555"}],"wp:term":[{"taxonomy":"category","embeddable":true,"href":"https:\/\/sintesis.com.mx\/puebla\/wp-json\/wp\/v2\/categories?post=422555"},{"taxonomy":"post_tag","embeddable":true,"href":"https:\/\/sintesis.com.mx\/puebla\/wp-json\/wp\/v2\/tags?post=422555"},{"taxonomy":"yst_prominent_words","embeddable":true,"href":"https:\/\/sintesis.com.mx\/puebla\/wp-json\/wp\/v2\/yst_prominent_words?post=422555"}],"curies":[{"name":"wp","href":"https:\/\/api.w.org\/{rel}","templated":true}]}}