{"id":425995,"date":"2024-09-16T14:15:57","date_gmt":"2024-09-16T20:15:57","guid":{"rendered":"https:\/\/sintesis.com.mx\/puebla\/?p=425995"},"modified":"2024-09-16T14:15:57","modified_gmt":"2024-09-16T20:15:57","slug":"saldo-blanco-fiestas","status":"publish","type":"post","link":"https:\/\/sintesis.com.mx\/puebla\/2024\/09\/16\/saldo-blanco-fiestas\/","title":{"rendered":"Saldo blanco en Puebla por fiestas patrias"},"content":{"rendered":"<p>Alma Liliana Vel\u00e1zquez\/ S\u00edntesis<\/p>\n<p><strong>El gobernador del Estado, Sergio Salom\u00f3n C\u00e9spedes Peregrina<\/strong> dio a conocer que en las fiestas patrias se tuvo un saldo blanco y esto fue gracias a la coordinaci\u00f3n y comunicaci\u00f3n entre los diferentes entes de gobierno y corporaciones de seguridad.<\/p>\n<p>En entrevista al culminar el desfile militar conmemorativa a la Independencia de M\u00e9xico, el mandatario estatal resalt\u00f3 que se tuvo un saldo blanco y s\u00f3lo mencion\u00f3 un incidente en Aljojuca, donde fallecieron dos j\u00f3venes por una ri\u00f1a al estar en una tienda de autoservicio.<\/p>\n<p><strong>\u201cTodo lo que tiene que ver con fiestas patrias me han reportado en saldo blanco\u201d,<\/strong> dijo el ejecutivo, quien puntualiz\u00f3 que el desplazamiento de guardia nacional, ej\u00e9rcito y seguridad p\u00fablica permiti\u00f3 este buen balance y coment\u00f3 que existe un combate permanente de los tres niveles de gobierno.<\/p>\n<p>Asever\u00f3 que no bajan la guardia y detall\u00f3 que en materia de seguridad se encuentran bien, <strong>\u201chay paz social en Puebla, los municipios trabajan adecuadamente, hay algunos brotes pero mucho se da por pleitos y donde se desborda la euforia\u201d.<\/strong><\/p>\n","protected":false},"excerpt":{"rendered":"<p>Alma Liliana Vel\u00e1zquez\/ S\u00edntesis El gobernador del Estado, Sergio Salom\u00f3n C\u00e9spedes Peregrina dio a conocer que en las fiestas patrias se tuvo un saldo blanco y esto fue gracias a la coordinaci\u00f3n y comunicaci\u00f3n entre los diferentes entes de gobierno y corporaciones de seguridad. En entrevista al culminar el desfile militar conmemorativa a la Independencia [&hellip;]<\/p>\n","protected":false},"author":6,"featured_media":425997,"comment_status":"open","ping_status":"open","sticky":false,"template":"","format":"standard","meta":{"footnotes":""},"categories":[8,3],"tags":[4049,18,51920],"yst_prominent_words":[34511,35759,49359,29786,37156,49360,31880,31842,29580],"class_list":["post-425995","post","type-post","status-publish","format-standard","has-post-thumbnail","hentry","category-hoyesnoticia","category-puebla","tag-gobierno-del-estado","tag-puebla","tag-sergio-salomon-cespedes-peregrina"],"_links":{"self":[{"href":"https:\/\/sintesis.com.mx\/puebla\/wp-json\/wp\/v2\/posts\/425995"}],"collection":[{"href":"https:\/\/sintesis.com.mx\/puebla\/wp-json\/wp\/v2\/posts"}],"about":[{"href":"https:\/\/sintesis.com.mx\/puebla\/wp-json\/wp\/v2\/types\/post"}],"author":[{"embeddable":true,"href":"https:\/\/sintesis.com.mx\/puebla\/wp-json\/wp\/v2\/users\/6"}],"replies":[{"embeddable":true,"href":"https:\/\/sintesis.com.mx\/puebla\/wp-json\/wp\/v2\/comments?post=425995"}],"version-history":[{"count":3,"href":"https:\/\/sintesis.com.mx\/puebla\/wp-json\/wp\/v2\/posts\/425995\/revisions"}],"predecessor-version":[{"id":426064,"href":"https:\/\/sintesis.com.mx\/puebla\/wp-json\/wp\/v2\/posts\/425995\/revisions\/426064"}],"wp:featuredmedia":[{"embeddable":true,"href":"https:\/\/sintesis.com.mx\/puebla\/wp-json\/wp\/v2\/media\/425997"}],"wp:attachment":[{"href":"https:\/\/sintesis.com.mx\/puebla\/wp-json\/wp\/v2\/media?parent=425995"}],"wp:term":[{"taxonomy":"category","embeddable":true,"href":"https:\/\/sintesis.com.mx\/puebla\/wp-json\/wp\/v2\/categories?post=425995"},{"taxonomy":"post_tag","embeddable":true,"href":"https:\/\/sintesis.com.mx\/puebla\/wp-json\/wp\/v2\/tags?post=425995"},{"taxonomy":"yst_prominent_words","embeddable":true,"href":"https:\/\/sintesis.com.mx\/puebla\/wp-json\/wp\/v2\/yst_prominent_words?post=425995"}],"curies":[{"name":"wp","href":"https:\/\/api.w.org\/{rel}","templated":true}]}}