{"id":427172,"date":"2024-09-24T16:31:51","date_gmt":"2024-09-24T22:31:51","guid":{"rendered":"https:\/\/sintesis.com.mx\/puebla\/?p=427172"},"modified":"2024-09-24T16:31:51","modified_gmt":"2024-09-24T22:31:51","slug":"el-30-de-septiembre","status":"publish","type":"post","link":"https:\/\/sintesis.com.mx\/puebla\/2024\/09\/24\/el-30-de-septiembre\/","title":{"rendered":"El 30 de septiembre cerrar\u00e1n cajas por proceso de entrega \u2013 recepci\u00f3n en SACH"},"content":{"rendered":"<p>Alma Liliana Vel\u00e1zquez\/ S\u00edntesis<\/p>\n<p>A partir del 30 de septiembre comenzar\u00e1 el cierre de algunas operaciones en el municipio de <strong>San Andr\u00e9s Cholula,<\/strong> esto al llevarse a cabo el proceso de entrega \u2013 recepci\u00f3n, mismo que cinco d\u00edas antes del 15 de octubre comenzar\u00e1 a concretarse en las diferentes dependencias.<\/p>\n<p>En entrevista, el presidente municipal de este Pueblo M\u00e1gico, <strong>Edmundo Tlatehui Percino<\/strong> detall\u00f3 que el 30 de septiembre las cajas de la tesorer\u00eda municipal dejar\u00e1n de brindar el servicio y \u00e9stas deber\u00e1n entregar los tr\u00e1mites gestionados, adem\u00e1s de que record\u00f3 estar\u00e1n presentando el calendario de entrega de las diferentes secretar\u00edas.<\/p>\n<p>Coment\u00f3 que har\u00e1n todo lo posible para evitar frenar la operatividad en el municipio y con ello, afectar a los ciudadanos que requieren hacer alg\u00fan tr\u00e1mite en el gobierno, <strong>\u201cbuscaremos que sea el menor tiempo posible, y que esta transici\u00f3n sea muy corta para que los ciudadanos en general no tengan problem\u00e1tica\u00bb<\/strong><\/p>\n<p>Tlatehui Percino se\u00f1al\u00f3 que seguir\u00e1 entregando diferentes obras en el municipio, recorrido que le sirve como acercamiento previo a dejar la administraci\u00f3n, que este pr\u00f3ximo 14 de octubre llega a su fin.<\/p>\n<p>&nbsp;<\/p>\n","protected":false},"excerpt":{"rendered":"<p>Alma Liliana Vel\u00e1zquez\/ S\u00edntesis A partir del 30 de septiembre comenzar\u00e1 el cierre de algunas operaciones en el municipio de San Andr\u00e9s Cholula, esto al llevarse a cabo el proceso de entrega \u2013 recepci\u00f3n, mismo que cinco d\u00edas antes del 15 de octubre comenzar\u00e1 a concretarse en las diferentes dependencias. En entrevista, el presidente municipal [&hellip;]<\/p>\n","protected":false},"author":6,"featured_media":383577,"comment_status":"open","ping_status":"open","sticky":false,"template":"","format":"standard","meta":{"footnotes":""},"categories":[12,8,9],"tags":[9798,41,65,27,8254,18,59],"yst_prominent_words":[29570,49806,29708,31682,29816,29781,33318,65333,40876,65332,65329],"class_list":["post-427172","post","type-post","status-publish","format-standard","has-post-thumbnail","hentry","category-cholula","category-hoyesnoticia","category-municipios","tag-edmundo-tlatehui-percino","tag-es-noticia","tag-esnoticia","tag-hoyesnoticia","tag-hoyesnoticiaapp","tag-puebla","tag-san-andres-cholula"],"_links":{"self":[{"href":"https:\/\/sintesis.com.mx\/puebla\/wp-json\/wp\/v2\/posts\/427172"}],"collection":[{"href":"https:\/\/sintesis.com.mx\/puebla\/wp-json\/wp\/v2\/posts"}],"about":[{"href":"https:\/\/sintesis.com.mx\/puebla\/wp-json\/wp\/v2\/types\/post"}],"author":[{"embeddable":true,"href":"https:\/\/sintesis.com.mx\/puebla\/wp-json\/wp\/v2\/users\/6"}],"replies":[{"embeddable":true,"href":"https:\/\/sintesis.com.mx\/puebla\/wp-json\/wp\/v2\/comments?post=427172"}],"version-history":[{"count":3,"href":"https:\/\/sintesis.com.mx\/puebla\/wp-json\/wp\/v2\/posts\/427172\/revisions"}],"predecessor-version":[{"id":427208,"href":"https:\/\/sintesis.com.mx\/puebla\/wp-json\/wp\/v2\/posts\/427172\/revisions\/427208"}],"wp:featuredmedia":[{"embeddable":true,"href":"https:\/\/sintesis.com.mx\/puebla\/wp-json\/wp\/v2\/media\/383577"}],"wp:attachment":[{"href":"https:\/\/sintesis.com.mx\/puebla\/wp-json\/wp\/v2\/media?parent=427172"}],"wp:term":[{"taxonomy":"category","embeddable":true,"href":"https:\/\/sintesis.com.mx\/puebla\/wp-json\/wp\/v2\/categories?post=427172"},{"taxonomy":"post_tag","embeddable":true,"href":"https:\/\/sintesis.com.mx\/puebla\/wp-json\/wp\/v2\/tags?post=427172"},{"taxonomy":"yst_prominent_words","embeddable":true,"href":"https:\/\/sintesis.com.mx\/puebla\/wp-json\/wp\/v2\/yst_prominent_words?post=427172"}],"curies":[{"name":"wp","href":"https:\/\/api.w.org\/{rel}","templated":true}]}}