{"id":431394,"date":"2024-10-24T17:05:18","date_gmt":"2024-10-24T23:05:18","guid":{"rendered":"https:\/\/sintesis.com.mx\/puebla\/?p=431394"},"modified":"2024-10-24T17:05:18","modified_gmt":"2024-10-24T23:05:18","slug":"eran-comerciantes-mercado","status":"publish","type":"post","link":"https:\/\/sintesis.com.mx\/puebla\/2024\/10\/24\/eran-comerciantes-mercado\/","title":{"rendered":"Eran comerciantes del Mercado 5 de Mayo los calcinados de la pista"},"content":{"rendered":"<p>Cuatro personas fueron detenidas en un cateo realizado en Cuautlancingo, Puebla, luego de que la Fiscal\u00eda General del Estado <strong>(FGE)<\/strong> identificara su posible participaci\u00f3n en el calcinamiento de cuatro hombres en la autopista <strong>M\u00e9xico-Puebla<\/strong>, a la altura de <strong>Huejotzingo<\/strong>. Seg\u00fan la investigaci\u00f3n, el grupo delictivo al que pertenecen los detenidos es conocido como <strong>\u00abBarredora\u00bb<\/strong> o <strong>\u201cde las cuatro letras\u201d.<\/strong><\/p>\n<p>La FGE inform\u00f3 que las v\u00edctimas, identificadas como <strong>\u00c1lvaro Jair<\/strong>, <strong>Eduardo, Fernando<\/strong> y <strong>Sergio \u201cN\u201d,<\/strong> eran comerciantes del Mercado 5 de Mayo. Antes de ser asesinados, fueron exhibidos en un video que circul\u00f3 en redes sociales, lo que gener\u00f3 conmoci\u00f3n entre los usuarios.<\/p>\n<p>El caso tom\u00f3 un giro cuando, tras el hallazgo de los cuerpos, las autoridades lograron localizar el inmueble relacionado con el crimen. El cateo revel\u00f3 la presencia de armas largas y cortas, cartuchos \u00fatiles, drogas, tres veh\u00edculos con reporte de robo, y chalecos t\u00e1cticos con las iniciales del grupo criminal. De acuerdo con la <strong>FGE<\/strong>, las armas encontradas tambi\u00e9n fueron utilizadas en otros cuatro homicidios recientes.<\/p>\n<p>Un detalle clave para llegar a los responsables fue el hecho de que desde el inmueble cateado en <strong>Cuautlancingo<\/strong> se solicit\u00f3 un servicio de taxi ejecutivo. Dicho veh\u00edculo fue posteriormente robado y utilizado para abandonar los cuerpos de las v\u00edctimas en la autopista, donde la unidad fue incendiada.<\/p>\n<p>Los cuatro detenidos, quienes portaban armas y chalecos con las iniciales del grupo criminal, fueron puestos bajo prisi\u00f3n preventiva en espera de la continuaci\u00f3n del proceso legal. La Fiscal\u00eda sigue investigando para desmantelar completamente esta c\u00e9lula delictiva.<\/p>\n","protected":false},"excerpt":{"rendered":"<p>Cuatro personas fueron detenidas en un cateo realizado en Cuautlancingo, Puebla, luego de que la Fiscal\u00eda General del Estado (FGE) identificara su posible participaci\u00f3n en el calcinamiento de cuatro hombres en la autopista M\u00e9xico-Puebla, a la altura de Huejotzingo. Seg\u00fan la investigaci\u00f3n, el grupo delictivo al que pertenecen los detenidos es conocido como \u00abBarredora\u00bb o [&hellip;]<\/p>\n","protected":false},"author":168,"featured_media":431395,"comment_status":"open","ping_status":"open","sticky":false,"template":"","format":"standard","meta":{"footnotes":""},"categories":[88557],"tags":[41,65,491,5659,27,8254,653],"yst_prominent_words":[48074,42255,58659,34207,30032,30180,35617,31369,30933,30081,30450,60603,29620,30599],"class_list":["post-431394","post","type-post","status-publish","format-standard","has-post-thumbnail","hentry","category-fge","tag-es-noticia","tag-esnoticia","tag-fge","tag-fiscalia","tag-hoyesnoticia","tag-hoyesnoticiaapp","tag-policia"],"_links":{"self":[{"href":"https:\/\/sintesis.com.mx\/puebla\/wp-json\/wp\/v2\/posts\/431394"}],"collection":[{"href":"https:\/\/sintesis.com.mx\/puebla\/wp-json\/wp\/v2\/posts"}],"about":[{"href":"https:\/\/sintesis.com.mx\/puebla\/wp-json\/wp\/v2\/types\/post"}],"author":[{"embeddable":true,"href":"https:\/\/sintesis.com.mx\/puebla\/wp-json\/wp\/v2\/users\/168"}],"replies":[{"embeddable":true,"href":"https:\/\/sintesis.com.mx\/puebla\/wp-json\/wp\/v2\/comments?post=431394"}],"version-history":[{"count":2,"href":"https:\/\/sintesis.com.mx\/puebla\/wp-json\/wp\/v2\/posts\/431394\/revisions"}],"predecessor-version":[{"id":431431,"href":"https:\/\/sintesis.com.mx\/puebla\/wp-json\/wp\/v2\/posts\/431394\/revisions\/431431"}],"wp:featuredmedia":[{"embeddable":true,"href":"https:\/\/sintesis.com.mx\/puebla\/wp-json\/wp\/v2\/media\/431395"}],"wp:attachment":[{"href":"https:\/\/sintesis.com.mx\/puebla\/wp-json\/wp\/v2\/media?parent=431394"}],"wp:term":[{"taxonomy":"category","embeddable":true,"href":"https:\/\/sintesis.com.mx\/puebla\/wp-json\/wp\/v2\/categories?post=431394"},{"taxonomy":"post_tag","embeddable":true,"href":"https:\/\/sintesis.com.mx\/puebla\/wp-json\/wp\/v2\/tags?post=431394"},{"taxonomy":"yst_prominent_words","embeddable":true,"href":"https:\/\/sintesis.com.mx\/puebla\/wp-json\/wp\/v2\/yst_prominent_words?post=431394"}],"curies":[{"name":"wp","href":"https:\/\/api.w.org\/{rel}","templated":true}]}}