{"id":43179,"date":"2017-06-07T19:53:16","date_gmt":"2017-06-08T01:53:16","guid":{"rendered":"https:\/\/www.sintesis.mx\/?p=43179"},"modified":"2017-06-07T19:53:16","modified_gmt":"2017-06-08T01:53:16","slug":"inauguraran-fuego-muere-tina-modotti","status":"publish","type":"post","link":"https:\/\/sintesis.com.mx\/puebla\/2017\/06\/07\/inauguraran-fuego-muere-tina-modotti\/","title":{"rendered":"Inaugurar\u00e1n \u201cPorque el fuego no muere\u201d de Tina Modotti"},"content":{"rendered":"<p>La exposici\u00f3n \u201cPorque el fuego no muere\u201d de la fot\u00f3grafa <strong>Tina Modotti<\/strong>, considerada precursora del periodismo cr\u00edtico en M\u00e9xico, se inaugura en la <strong>Galer\u00eda de Arte del Teatro de la Ciudad<\/strong> el viernes 9 de junio con una selecci\u00f3n de 40 obras divididas en dos secciones, \u201cPortafolio Platino\u201d y Versi\u00f3n A\u201d, cada una mostrando diferentes facetas de su trayectoria.<\/p>\n<p>El acceso a la muestra que permanece hasta el 23 de julio ser\u00e1 libre para el p\u00fablico en general. En ella, destac\u00f3 Anel Nochebuena, titular del<strong> Instituto Municipal de Arte y Cultura de Puebla (Imacp)<\/strong>, se podr\u00e1 apreciar a una artista con gran talento, sentido y compromiso con causas sociales de su tiempo.<\/p>\n<h5><strong><em>\u201cAmiga de artistas como Frida Kahlo, Antonieta Rivas Mercado, Diego Rivera, David Alfaro Siqueiros y tantos otros vanguardistas de M\u00e9xico. La obra de la autora nos lleva pensar en el arte y la historia de nuestro pa\u00eds, a trav\u00e9s de un registro documental\u201d.<\/em><\/strong><\/h5>\n<p>\u201cAlcatraces\u201d, \u201cMaizal\u201d, \u201cPalmera\u201d, \u201cCa\u00f1a de az\u00facar\u201d, \u201cEdificio con andamios\u201d, \u201cArco y patio de un ex convento\u201d, \u201cCaba\u00f1a y Yunta\u201d, son algunos de los t\u00edtulos de las fotograf\u00edas de la secci\u00f3n \u201cVersi\u00f3n A\u201d, que comprende 25 im\u00e1genes tomadas en M\u00e9xico entre los a\u00f1os 1923 y 1929. Era un tiempo postrevolucionario.<\/p>\n<p>Estas 25 fotograf\u00edas fueron impresas en plata sobre gelatina, mientras que las 15 que conforman la secci\u00f3n \u201cPortafolio Platino\u201d, son impresiones al platino que muestras sus diferentes facetas como fot\u00f3grafa, desde la rom\u00e1ntica, hasta la revolucionaria.<\/p>\n<p>Cabe destacar que \u201cPorque el fuego no muere\u201d de la artista italiana Assunta Adelaide Luigia Modoti Mondini, conocida como <strong>Tina Modotti<\/strong>, llega a Puebla en el tiempo en que una exposici\u00f3n del mexicana Juan Rulfo, est\u00e1 en el Museo Amparo, lo que crea un di\u00e1logo interesante entre dos grandes talento, concluy\u00f3 Nochebuena.<\/p>\n","protected":false},"excerpt":{"rendered":"<p>La exposici\u00f3n \u201cPorque el fuego no muere\u201d de la fot\u00f3grafa Tina Modotti, considerada precursora del periodismo cr\u00edtico en M\u00e9xico, se inaugura en la Galer\u00eda de Arte del Teatro de la Ciudad<\/p>\n","protected":false},"author":13,"featured_media":43304,"comment_status":"open","ping_status":"open","sticky":false,"template":"","format":"standard","meta":{"footnotes":""},"categories":[5],"tags":[944,945,337,946],"yst_prominent_words":[],"class_list":["post-43179","post","type-post","status-publish","format-standard","has-post-thumbnail","hentry","category-cultura","tag-exposicion","tag-fotografia","tag-imacp","tag-tina-modotti"],"_links":{"self":[{"href":"https:\/\/sintesis.com.mx\/puebla\/wp-json\/wp\/v2\/posts\/43179"}],"collection":[{"href":"https:\/\/sintesis.com.mx\/puebla\/wp-json\/wp\/v2\/posts"}],"about":[{"href":"https:\/\/sintesis.com.mx\/puebla\/wp-json\/wp\/v2\/types\/post"}],"author":[{"embeddable":true,"href":"https:\/\/sintesis.com.mx\/puebla\/wp-json\/wp\/v2\/users\/13"}],"replies":[{"embeddable":true,"href":"https:\/\/sintesis.com.mx\/puebla\/wp-json\/wp\/v2\/comments?post=43179"}],"version-history":[{"count":0,"href":"https:\/\/sintesis.com.mx\/puebla\/wp-json\/wp\/v2\/posts\/43179\/revisions"}],"wp:featuredmedia":[{"embeddable":true,"href":"https:\/\/sintesis.com.mx\/puebla\/wp-json\/"}],"wp:attachment":[{"href":"https:\/\/sintesis.com.mx\/puebla\/wp-json\/wp\/v2\/media?parent=43179"}],"wp:term":[{"taxonomy":"category","embeddable":true,"href":"https:\/\/sintesis.com.mx\/puebla\/wp-json\/wp\/v2\/categories?post=43179"},{"taxonomy":"post_tag","embeddable":true,"href":"https:\/\/sintesis.com.mx\/puebla\/wp-json\/wp\/v2\/tags?post=43179"},{"taxonomy":"yst_prominent_words","embeddable":true,"href":"https:\/\/sintesis.com.mx\/puebla\/wp-json\/wp\/v2\/yst_prominent_words?post=43179"}],"curies":[{"name":"wp","href":"https:\/\/api.w.org\/{rel}","templated":true}]}}