{"id":431821,"date":"2024-10-28T13:32:21","date_gmt":"2024-10-28T19:32:21","guid":{"rendered":"https:\/\/sintesis.com.mx\/puebla\/?p=431821"},"modified":"2024-10-28T15:34:24","modified_gmt":"2024-10-28T21:34:24","slug":"ciudad-modelo-instalara-corredor-ofrendas","status":"publish","type":"post","link":"https:\/\/sintesis.com.mx\/puebla\/2024\/10\/28\/ciudad-modelo-instalara-corredor-ofrendas\/","title":{"rendered":"Ciudad Modelo instalar\u00e1 corredor de ofrendas"},"content":{"rendered":"<p>\u201cPreservando tradiciones en Ciudad Modelo\u201d, es el nombre del corredor de ofrendas que este 30 de octubre se instalar\u00e1 en el Centro de Convenciones de esta localidad y que estar\u00e1 abierto al p\u00fablico a partir de las 17:00 horas, tal como lo ha instruido el gobierno presente de Sergio Salom\u00f3n.<\/p>\n<p>Junto con este homenaje, tambi\u00e9n habr\u00e1 una funci\u00f3n de cine que ser\u00e1 proyectada con apoyo del Centro de Innovaci\u00f3n e Integraci\u00f3n de Tecnolog\u00edas Avanzadas (CIITA) del Instituto Polit\u00e9cnico Nacional (IPN).<\/p>\n<p>La participaci\u00f3n sumar\u00e1 a vecinos de la unidad habitacional El Pilar, ubicada en el pol\u00edgono, el mercado, industrias de la zona, e instituciones educativas como El Centro de Especializaci\u00f3n de Recursos Humanos de Alto Nivel (CERHAN), la Universidad Tecnol\u00f3gica Biling\u00fce y Sustentable (UTBis), el campus de la Benem\u00e9rita Universidad Aut\u00f3noma de Puebla (BUAP), el Centro Escolar \u201cNatalia Serd\u00e1n Alatriste\u201d y el CIITA del IPN, inform\u00f3 el encargado de despacho de Ciudad Modelo, Francisco Guerrero y Ben\u00edtez.<\/p>\n<p>Cabe recordar que las conmemoraciones de Todos Santos incluyen el 28 de octubre el encendido de la primera vela y la colocaci\u00f3n de una flor blanca para recibir a las \u00e1nimas solas; el 29 de octubre se prende otra vela y coloca un vaso con agua dedicado a los difuntos desamparados u olvidados; el 30 de octubre se prende otra vela y coloca un vaso con agua y pan para los difuntos que se fueron sin comer o en un accidente y el 31 de octubre se a\u00f1ade fruta para los ancestros.<\/p>\n<p>Mientras, el 1 de noviembre D\u00eda de Todos los Santos llegan las almas que fallecieron siendo infantes y se coloca toda la comida en el altar, y la conmemoraci\u00f3n a los Fieles Difuntos el 2 de noviembre se dedica a los adultos muertos que llegan a recoger y a comer de las ofrendas que sus familiares les dedicaron, para concluir el 03 de noviembre con la \u00faltima vela blanca para dar luz a los muertos y se retira\u00a0la\u00a0ofrenda.<\/p>\n\r\n                <style type=\"text\/css\">\r\n                    \r\n                    #td_uid_1_69f56ba67c0f7  .td-doubleSlider-2 .td-item1 {\r\n                        background: url(https:\/\/sintesis.com.mx\/puebla\/wp-content\/uploads\/2024\/10\/Ofrenda2_1-80x60.jpg) 0 0 no-repeat;\r\n                    }\r\n                    #td_uid_1_69f56ba67c0f7  .td-doubleSlider-2 .td-item2 {\r\n                        background: url(https:\/\/sintesis.com.mx\/puebla\/wp-content\/uploads\/2024\/10\/Ofrenda3_1-80x60.jpg) 0 0 no-repeat;\r\n                    }\r\n                    #td_uid_1_69f56ba67c0f7  .td-doubleSlider-2 .td-item3 {\r\n                        background: url(https:\/\/sintesis.com.mx\/puebla\/wp-content\/uploads\/2024\/10\/Ofrenda4_1-80x60.jpg) 0 0 no-repeat;\r\n                    }\r\n                    #td_uid_1_69f56ba67c0f7  .td-doubleSlider-2 .td-item4 {\r\n                        background: url(https:\/\/sintesis.com.mx\/puebla\/wp-content\/uploads\/2024\/10\/Ofrenda5-80x60.jpg) 0 0 no-repeat;\r\n                    }\r\n                    #td_uid_1_69f56ba67c0f7  .td-doubleSlider-2 .td-item5 {\r\n                        background: url(https:\/\/sintesis.com.mx\/puebla\/wp-content\/uploads\/2024\/10\/OfrendaCM-80x60.jpg) 0 0 no-repeat;\r\n                    }\r\n                <\/style>\r\n\r\n                <div id=\"td_uid_1_69f56ba67c0f7\" class=\"td-slide-on-2-columns\">\r\n                    <div class=\"post_td_gallery\">\r\n                        <div class=\"td-gallery-slide-top\">\r\n                           <div class=\"td-gallery-title\"><\/div>\r\n\r\n                            <div class=\"td-gallery-controls-wrapper\">\r\n                                <div class=\"td-gallery-slide-count\"><span class=\"td-gallery-slide-item-focus\">1<\/span> of 5<\/div>\r\n                                <div class=\"td-gallery-slide-prev-next-but\">\r\n                                    <i class = \"td-icon-left doubleSliderPrevButton\"><\/i>\r\n                                    <i class = \"td-icon-right doubleSliderNextButton\"><\/i>\r\n                                <\/div>\r\n                            <\/div>\r\n                        <\/div>\r\n\r\n                        <div class = \"td-doubleSlider-1 \">\r\n                            <div class = \"td-slider\">\r\n                                \r\n                    <div class = \"td-slide-item td-item1\">\r\n                        <figure class=\"td-slide-galery-figure td-slide-popup-gallery\">\r\n                            <a class=\"slide-gallery-image-link\" href=\"https:\/\/sintesis.com.mx\/puebla\/wp-content\/uploads\/2024\/10\/Ofrenda2_1.jpg\" title=\"Ciudad Modelo instalar\u00e1 corredor de ofrendas\"  data-caption=\"\"  data-description=\"\">\r\n                                <img decoding=\"async\" src=\"https:\/\/sintesis.com.mx\/puebla\/wp-content\/uploads\/2024\/10\/Ofrenda2_1-280x420.jpg\" srcset=\"https:\/\/sintesis.com.mx\/puebla\/wp-content\/uploads\/2024\/10\/Ofrenda2_1-280x420.jpg 280w, https:\/\/sintesis.com.mx\/puebla\/wp-content\/uploads\/2024\/10\/Ofrenda2_1-200x300.jpg 200w, https:\/\/sintesis.com.mx\/puebla\/wp-content\/uploads\/2024\/10\/Ofrenda2_1-682x1024.jpg 682w, https:\/\/sintesis.com.mx\/puebla\/wp-content\/uploads\/2024\/10\/Ofrenda2_1-768x1152.jpg 768w, https:\/\/sintesis.com.mx\/puebla\/wp-content\/uploads\/2024\/10\/Ofrenda2_1-1024x1536.jpg 1024w, https:\/\/sintesis.com.mx\/puebla\/wp-content\/uploads\/2024\/10\/Ofrenda2_1-1365x2048.jpg 1365w, https:\/\/sintesis.com.mx\/puebla\/wp-content\/uploads\/2024\/10\/Ofrenda2_1-696x1044.jpg 696w, https:\/\/sintesis.com.mx\/puebla\/wp-content\/uploads\/2024\/10\/Ofrenda2_1-1068x1603.jpg 1068w, https:\/\/sintesis.com.mx\/puebla\/wp-content\/uploads\/2024\/10\/Ofrenda2_1.jpg 1706w\" sizes=\"(max-width: 280px) 100vw, 280px\" alt=\"\">\r\n                            <\/a>\r\n                            \r\n                        <\/figure>\r\n                    <\/div>\r\n                    <div class = \"td-slide-item td-item2\">\r\n                        <figure class=\"td-slide-galery-figure td-slide-popup-gallery\">\r\n                            <a class=\"slide-gallery-image-link\" href=\"https:\/\/sintesis.com.mx\/puebla\/wp-content\/uploads\/2024\/10\/Ofrenda3_1.jpg\" title=\"Ciudad Modelo instalar\u00e1 corredor de ofrendas\"  data-caption=\"\"  data-description=\"\">\r\n                                <img decoding=\"async\" src=\"https:\/\/sintesis.com.mx\/puebla\/wp-content\/uploads\/2024\/10\/Ofrenda3_1-280x420.jpg\" srcset=\"https:\/\/sintesis.com.mx\/puebla\/wp-content\/uploads\/2024\/10\/Ofrenda3_1-280x420.jpg 280w, https:\/\/sintesis.com.mx\/puebla\/wp-content\/uploads\/2024\/10\/Ofrenda3_1-200x300.jpg 200w, https:\/\/sintesis.com.mx\/puebla\/wp-content\/uploads\/2024\/10\/Ofrenda3_1-682x1024.jpg 682w, https:\/\/sintesis.com.mx\/puebla\/wp-content\/uploads\/2024\/10\/Ofrenda3_1-768x1152.jpg 768w, https:\/\/sintesis.com.mx\/puebla\/wp-content\/uploads\/2024\/10\/Ofrenda3_1-1024x1536.jpg 1024w, https:\/\/sintesis.com.mx\/puebla\/wp-content\/uploads\/2024\/10\/Ofrenda3_1-1365x2048.jpg 1365w, https:\/\/sintesis.com.mx\/puebla\/wp-content\/uploads\/2024\/10\/Ofrenda3_1-696x1044.jpg 696w, https:\/\/sintesis.com.mx\/puebla\/wp-content\/uploads\/2024\/10\/Ofrenda3_1-1068x1603.jpg 1068w, https:\/\/sintesis.com.mx\/puebla\/wp-content\/uploads\/2024\/10\/Ofrenda3_1.jpg 1706w\" sizes=\"(max-width: 280px) 100vw, 280px\" alt=\"\">\r\n                            <\/a>\r\n                            \r\n                        <\/figure>\r\n                    <\/div>\r\n                    <div class = \"td-slide-item td-item3\">\r\n                        <figure class=\"td-slide-galery-figure td-slide-popup-gallery\">\r\n                            <a class=\"slide-gallery-image-link\" href=\"https:\/\/sintesis.com.mx\/puebla\/wp-content\/uploads\/2024\/10\/Ofrenda4_1.jpg\" title=\"Ciudad Modelo instalar\u00e1 corredor de ofrendas\"  data-caption=\"\"  data-description=\"\">\r\n                                <img decoding=\"async\" src=\"https:\/\/sintesis.com.mx\/puebla\/wp-content\/uploads\/2024\/10\/Ofrenda4_1-630x420.jpg\" srcset=\"https:\/\/sintesis.com.mx\/puebla\/wp-content\/uploads\/2024\/10\/Ofrenda4_1-630x420.jpg 630w, https:\/\/sintesis.com.mx\/puebla\/wp-content\/uploads\/2024\/10\/Ofrenda4_1-300x200.jpg 300w, https:\/\/sintesis.com.mx\/puebla\/wp-content\/uploads\/2024\/10\/Ofrenda4_1-1024x682.jpg 1024w, https:\/\/sintesis.com.mx\/puebla\/wp-content\/uploads\/2024\/10\/Ofrenda4_1-768x512.jpg 768w, https:\/\/sintesis.com.mx\/puebla\/wp-content\/uploads\/2024\/10\/Ofrenda4_1-1536x1024.jpg 1536w, https:\/\/sintesis.com.mx\/puebla\/wp-content\/uploads\/2024\/10\/Ofrenda4_1-2048x1365.jpg 2048w, https:\/\/sintesis.com.mx\/puebla\/wp-content\/uploads\/2024\/10\/Ofrenda4_1-696x464.jpg 696w, https:\/\/sintesis.com.mx\/puebla\/wp-content\/uploads\/2024\/10\/Ofrenda4_1-1068x712.jpg 1068w\" sizes=\"(max-width: 630px) 100vw, 630px\" alt=\"\">\r\n                            <\/a>\r\n                            \r\n                        <\/figure>\r\n                    <\/div>\r\n                    <div class = \"td-slide-item td-item4\">\r\n                        <figure class=\"td-slide-galery-figure td-slide-popup-gallery\">\r\n                            <a class=\"slide-gallery-image-link\" href=\"https:\/\/sintesis.com.mx\/puebla\/wp-content\/uploads\/2024\/10\/Ofrenda5.jpg\" title=\"Ciudad Modelo instalar\u00e1 corredor de ofrendas\"  data-caption=\"\"  data-description=\"\">\r\n                                <img decoding=\"async\" src=\"https:\/\/sintesis.com.mx\/puebla\/wp-content\/uploads\/2024\/10\/Ofrenda5-630x420.jpg\" srcset=\"https:\/\/sintesis.com.mx\/puebla\/wp-content\/uploads\/2024\/10\/Ofrenda5-630x420.jpg 630w, https:\/\/sintesis.com.mx\/puebla\/wp-content\/uploads\/2024\/10\/Ofrenda5-300x200.jpg 300w, https:\/\/sintesis.com.mx\/puebla\/wp-content\/uploads\/2024\/10\/Ofrenda5-1024x682.jpg 1024w, https:\/\/sintesis.com.mx\/puebla\/wp-content\/uploads\/2024\/10\/Ofrenda5-768x512.jpg 768w, https:\/\/sintesis.com.mx\/puebla\/wp-content\/uploads\/2024\/10\/Ofrenda5-1536x1024.jpg 1536w, https:\/\/sintesis.com.mx\/puebla\/wp-content\/uploads\/2024\/10\/Ofrenda5-2048x1365.jpg 2048w, https:\/\/sintesis.com.mx\/puebla\/wp-content\/uploads\/2024\/10\/Ofrenda5-696x464.jpg 696w, https:\/\/sintesis.com.mx\/puebla\/wp-content\/uploads\/2024\/10\/Ofrenda5-1068x712.jpg 1068w\" sizes=\"(max-width: 630px) 100vw, 630px\" alt=\"\">\r\n                            <\/a>\r\n                            \r\n                        <\/figure>\r\n                    <\/div>\r\n                    <div class = \"td-slide-item td-item5\">\r\n                        <figure class=\"td-slide-galery-figure td-slide-popup-gallery\">\r\n                            <a class=\"slide-gallery-image-link\" href=\"https:\/\/sintesis.com.mx\/puebla\/wp-content\/uploads\/2024\/10\/OfrendaCM.jpg\" title=\"Ciudad Modelo instalar\u00e1 corredor de ofrendas\"  data-caption=\"\"  data-description=\"\">\r\n                                <img decoding=\"async\" src=\"https:\/\/sintesis.com.mx\/puebla\/wp-content\/uploads\/2024\/10\/OfrendaCM-630x420.jpg\" srcset=\"https:\/\/sintesis.com.mx\/puebla\/wp-content\/uploads\/2024\/10\/OfrendaCM-630x420.jpg 630w, https:\/\/sintesis.com.mx\/puebla\/wp-content\/uploads\/2024\/10\/OfrendaCM-300x200.jpg 300w, https:\/\/sintesis.com.mx\/puebla\/wp-content\/uploads\/2024\/10\/OfrendaCM-1024x682.jpg 1024w, https:\/\/sintesis.com.mx\/puebla\/wp-content\/uploads\/2024\/10\/OfrendaCM-768x512.jpg 768w, https:\/\/sintesis.com.mx\/puebla\/wp-content\/uploads\/2024\/10\/OfrendaCM-1536x1024.jpg 1536w, https:\/\/sintesis.com.mx\/puebla\/wp-content\/uploads\/2024\/10\/OfrendaCM-2048x1365.jpg 2048w, https:\/\/sintesis.com.mx\/puebla\/wp-content\/uploads\/2024\/10\/OfrendaCM-696x464.jpg 696w, https:\/\/sintesis.com.mx\/puebla\/wp-content\/uploads\/2024\/10\/OfrendaCM-1068x712.jpg 1068w\" sizes=\"(max-width: 630px) 100vw, 630px\" alt=\"\">\r\n                            <\/a>\r\n                            \r\n                        <\/figure>\r\n                    <\/div>\r\n                            <\/div>\r\n                        <\/div>\r\n\r\n                        <div class = \"td-doubleSlider-2\">\r\n                            <div class = \"td-slider\">\r\n                                \r\n                    <div class = \"td-button td-item1\">\r\n                        <div class = \"td-border\"><\/div>\r\n                    <\/div>\r\n                    <div class = \"td-button td-item2\">\r\n                        <div class = \"td-border\"><\/div>\r\n                    <\/div>\r\n                    <div class = \"td-button td-item3\">\r\n                        <div class = \"td-border\"><\/div>\r\n                    <\/div>\r\n                    <div class = \"td-button td-item4\">\r\n                        <div class = \"td-border\"><\/div>\r\n                    <\/div>\r\n                    <div class = \"td-button td-item5\">\r\n                        <div class = \"td-border\"><\/div>\r\n                    <\/div>\r\n                            <\/div>\r\n                        <\/div>\r\n\r\n                    <\/div>\r\n\r\n                <\/div>\r\n                \n","protected":false},"excerpt":{"rendered":"<p>\u201cPreservando tradiciones en Ciudad Modelo\u201d, es el nombre del corredor de ofrendas que este 30 de octubre se instalar\u00e1 en el Centro de Convenciones de esta localidad y que estar\u00e1 abierto al p\u00fablico a partir de las 17:00 horas, tal como lo ha instruido el gobierno presente de Sergio Salom\u00f3n. Junto con este homenaje, tambi\u00e9n [&hellip;]<\/p>\n","protected":false},"author":26,"featured_media":431827,"comment_status":"open","ping_status":"open","sticky":false,"template":"","format":"standard","meta":{"footnotes":""},"categories":[5],"tags":[30,41,65,27,8254,18,23,8253,20668,40526],"yst_prominent_words":[29570,60061,29724,29666,29975,57807,40764,33318],"class_list":["post-431821","post","type-post","status-publish","format-standard","has-post-thumbnail","hentry","category-cultura","tag-cultura","tag-es-noticia","tag-esnoticia","tag-hoyesnoticia","tag-hoyesnoticiaapp","tag-puebla","tag-slide","tag-slideapp","tag-slider","tag-sliderapp"],"_links":{"self":[{"href":"https:\/\/sintesis.com.mx\/puebla\/wp-json\/wp\/v2\/posts\/431821"}],"collection":[{"href":"https:\/\/sintesis.com.mx\/puebla\/wp-json\/wp\/v2\/posts"}],"about":[{"href":"https:\/\/sintesis.com.mx\/puebla\/wp-json\/wp\/v2\/types\/post"}],"author":[{"embeddable":true,"href":"https:\/\/sintesis.com.mx\/puebla\/wp-json\/wp\/v2\/users\/26"}],"replies":[{"embeddable":true,"href":"https:\/\/sintesis.com.mx\/puebla\/wp-json\/wp\/v2\/comments?post=431821"}],"version-history":[{"count":2,"href":"https:\/\/sintesis.com.mx\/puebla\/wp-json\/wp\/v2\/posts\/431821\/revisions"}],"predecessor-version":[{"id":431883,"href":"https:\/\/sintesis.com.mx\/puebla\/wp-json\/wp\/v2\/posts\/431821\/revisions\/431883"}],"wp:featuredmedia":[{"embeddable":true,"href":"https:\/\/sintesis.com.mx\/puebla\/wp-json\/wp\/v2\/media\/431827"}],"wp:attachment":[{"href":"https:\/\/sintesis.com.mx\/puebla\/wp-json\/wp\/v2\/media?parent=431821"}],"wp:term":[{"taxonomy":"category","embeddable":true,"href":"https:\/\/sintesis.com.mx\/puebla\/wp-json\/wp\/v2\/categories?post=431821"},{"taxonomy":"post_tag","embeddable":true,"href":"https:\/\/sintesis.com.mx\/puebla\/wp-json\/wp\/v2\/tags?post=431821"},{"taxonomy":"yst_prominent_words","embeddable":true,"href":"https:\/\/sintesis.com.mx\/puebla\/wp-json\/wp\/v2\/yst_prominent_words?post=431821"}],"curies":[{"name":"wp","href":"https:\/\/api.w.org\/{rel}","templated":true}]}}