{"id":432060,"date":"2024-10-29T16:13:43","date_gmt":"2024-10-29T22:13:43","guid":{"rendered":"https:\/\/sintesis.com.mx\/puebla\/?p=432060"},"modified":"2024-10-29T16:13:43","modified_gmt":"2024-10-29T22:13:43","slug":"arranca-operativo-especial","status":"publish","type":"post","link":"https:\/\/sintesis.com.mx\/puebla\/2024\/10\/29\/arranca-operativo-especial\/","title":{"rendered":"Arranca operativo especial por el D\u00eda de Muertos la SSP"},"content":{"rendered":"<p>Con el objetivo de asegurar que las festividades del <strong>\u201cD\u00eda de Muertos\u201d<\/strong> transcurran sin incidentes, el gobierno encabezado por Sergio Salom\u00f3n ha decidido implementar un operativo especial. Este plan incluye la movilizaci\u00f3n de mil 184 polic\u00edas estatales, quienes trabajar\u00e1n en conjunto con las secretar\u00edas de Marina (SEMAR) y de Defensa Nacional (SEDENA), as\u00ed como con la Guardia Nacional y las polic\u00edas municipales.<\/p>\n<p>El despliegue de seguridad se llevar\u00e1 a cabo del 29 de octubre al 2 de noviembre, durante el cual la Secretar\u00eda de Seguridad P\u00fablica<strong> (SSP)<\/strong> intensificar\u00e1 los patrullajes tanto a\u00e9reos como terrestres, adem\u00e1s de realizar labores de proximidad en \u00e1reas con alta afluencia de personas. Entre los lugares de enfoque se encuentran panteones, bancos, centros comerciales y carreteras, garantizando as\u00ed una mayor seguridad para la poblaci\u00f3n.<\/p>\n<p>El operativo tambi\u00e9n contar\u00e1 con el respaldo de m\u00e1s de 8,000 c\u00e1maras de videovigilancia, cuyo monitoreo ser\u00e1 coordinado por el personal del Centro de Control, Coordinaci\u00f3n, Comunicaciones, C\u00f3mputo e Inteligencia <strong>(C5i)<\/strong> y los centros de Comando y Control (C2). Estos dispositivos estar\u00e1n activos durante toda la celebraci\u00f3n y su seguimiento continuar\u00e1 despu\u00e9s de la misma, con el fin de mantener el orden y la tranquilidad.<\/p>\n<p>La Secretar\u00eda de Seguridad P\u00fablica hace un llamado a los ciudadanos a utilizar de manera responsable el n\u00famero de emergencias 911, recordando que su correcta utilizaci\u00f3n es fundamental para la atenci\u00f3n oportuna de cualquier situaci\u00f3n. Con estas acciones, el gobierno estatal se compromete a salvaguardar la integridad de los poblanos y visitantes en estas importantes festividades.<\/p>\n","protected":false},"excerpt":{"rendered":"<p>Con el objetivo de asegurar que las festividades del \u201cD\u00eda de Muertos\u201d transcurran sin incidentes, el gobierno encabezado por Sergio Salom\u00f3n ha decidido implementar un operativo especial. Este plan incluye la movilizaci\u00f3n de mil 184 polic\u00edas estatales, quienes trabajar\u00e1n en conjunto con las secretar\u00edas de Marina (SEMAR) y de Defensa Nacional (SEDENA), as\u00ed como con [&hellip;]<\/p>\n","protected":false},"author":168,"featured_media":0,"comment_status":"open","ping_status":"open","sticky":false,"template":"","format":"standard","meta":{"footnotes":""},"categories":[72262],"tags":[41,65,27,8254,89042,429],"yst_prominent_words":[29806,30176,31524,29786,30023,30039,34877,29581,29660,30173,30172,29580,29576],"class_list":["post-432060","post","type-post","status-publish","format-standard","hentry","category-gobierno","tag-es-noticia","tag-esnoticia","tag-hoyesnoticia","tag-hoyesnoticiaapp","tag-operativo-dia-de-muertos","tag-ssp"],"_links":{"self":[{"href":"https:\/\/sintesis.com.mx\/puebla\/wp-json\/wp\/v2\/posts\/432060"}],"collection":[{"href":"https:\/\/sintesis.com.mx\/puebla\/wp-json\/wp\/v2\/posts"}],"about":[{"href":"https:\/\/sintesis.com.mx\/puebla\/wp-json\/wp\/v2\/types\/post"}],"author":[{"embeddable":true,"href":"https:\/\/sintesis.com.mx\/puebla\/wp-json\/wp\/v2\/users\/168"}],"replies":[{"embeddable":true,"href":"https:\/\/sintesis.com.mx\/puebla\/wp-json\/wp\/v2\/comments?post=432060"}],"version-history":[{"count":3,"href":"https:\/\/sintesis.com.mx\/puebla\/wp-json\/wp\/v2\/posts\/432060\/revisions"}],"predecessor-version":[{"id":432066,"href":"https:\/\/sintesis.com.mx\/puebla\/wp-json\/wp\/v2\/posts\/432060\/revisions\/432066"}],"wp:attachment":[{"href":"https:\/\/sintesis.com.mx\/puebla\/wp-json\/wp\/v2\/media?parent=432060"}],"wp:term":[{"taxonomy":"category","embeddable":true,"href":"https:\/\/sintesis.com.mx\/puebla\/wp-json\/wp\/v2\/categories?post=432060"},{"taxonomy":"post_tag","embeddable":true,"href":"https:\/\/sintesis.com.mx\/puebla\/wp-json\/wp\/v2\/tags?post=432060"},{"taxonomy":"yst_prominent_words","embeddable":true,"href":"https:\/\/sintesis.com.mx\/puebla\/wp-json\/wp\/v2\/yst_prominent_words?post=432060"}],"curies":[{"name":"wp","href":"https:\/\/api.w.org\/{rel}","templated":true}]}}