{"id":433049,"date":"2024-11-05T17:04:30","date_gmt":"2024-11-05T23:04:30","guid":{"rendered":"https:\/\/sintesis.com.mx\/puebla\/?p=433049"},"modified":"2024-11-06T16:17:14","modified_gmt":"2024-11-06T22:17:14","slug":"noche-estrellas-ciudad","status":"publish","type":"post","link":"https:\/\/sintesis.com.mx\/puebla\/2024\/11\/05\/noche-estrellas-ciudad\/","title":{"rendered":"Con \u201cNoche de Estrellas\u201d, Ciudad Modelo difunde ciencia en regi\u00f3n de San Jos\u00e9 Chiapa"},"content":{"rendered":"<p>SAN JOS\u00c9 CHIAPA, Pue. &#8211; Con base en la visi\u00f3n del gobierno presente de Sergio Salom\u00f3n de difundir la ciencia, el organismo Ciudad Modelo llevar\u00e1 a cabo la \u201cNoche de Estrellas\u201d este s\u00e1bado 09 de noviembre en el Centro de Convenciones; el acceso es gratuito.<\/p>\n<p>De las 17:00 a las 21:00 horas, las y los asistentes podr\u00e1n observar mediante telescopios la luna y el cielo estrellado con la tem\u00e1tica de Marie Curie, \u00fanica mujer, hasta hoy, en ganar dos premios Nobel en F\u00edsica y Qu\u00edmica (respectivamente).<\/p>\n<p>Adem\u00e1s, habr\u00e1 talleres, en los que expertos explicar\u00e1n la formaci\u00f3n de las estrellas, la historia de los planetas y las \u00faltimas novedades relacionadas con la exploraci\u00f3n espacial, inform\u00f3 el encargado de despacho del Organismo P\u00fablico Descentralizado Ciudad Modelo, Francisco Guerrero y Ben\u00edtez, quien invit\u00f3 a los interesados a darse de alta en el registro:\u00a0<a href=\"https:\/\/docs.google.com\/forms\/d\/e\/1FAIpQLSfMFvRq1RkRiL5ZRYfuB1Ujn3KlxoZ4UNXxolTg4ZGvHxtYvQ\/viewform\" target=\"_blank\" rel=\"noopener noreferrer\" data-saferedirecturl=\"https:\/\/www.google.com\/url?q=https:\/\/docs.google.com\/forms\/d\/e\/1FAIpQLSfMFvRq1RkRiL5ZRYfuB1Ujn3KlxoZ4UNXxolTg4ZGvHxtYvQ\/viewform&amp;source=gmail&amp;ust=1730914939277000&amp;usg=AOvVaw1G9BIbEyTWyMT6wI-wOkan\">https:\/\/docs.google.com\/forms\/<wbr \/>d\/e\/<wbr \/>1FAIpQLSfMFvRq1RkRiL5ZRYfuB1Uj<wbr \/>n3KlxoZ4UNXxolTg4ZGvHxtYvQ\/<wbr \/>viewform<\/a>.<\/p>\n<p>Agreg\u00f3 que, con la celebraci\u00f3n de Marie Curie, tambi\u00e9n se recuerda a la primera astr\u00f3noma profesional en M\u00e9xico, Marie Paris Pismis de Recillas, quien fue una de las personas m\u00e1s influyentes para que la astronom\u00eda mexicana tomara importancia a nivel mundial y que falleci\u00f3 hace 25 a\u00f1os.<\/p>\n<p>En el evento participar\u00e1n la Benem\u00e9rita Universidad Aut\u00f3noma de Puebla (BUAP), la Universidad Tecnol\u00f3gica Biling\u00fce y Sustentable (UTBIS) y el Centro de Innovaci\u00f3n e Integraci\u00f3n de Tecnolog\u00edas Avanzadas (CIITA) del Instituto Polit\u00e9cnico\u00a0Nacional.<\/p>\n<p><img loading=\"lazy\" decoding=\"async\" class=\"alignnone size-medium wp-image-433051\" src=\"https:\/\/sintesis.com.mx\/puebla\/wp-content\/uploads\/2024\/11\/22_Noche_de_las_Estrellas-150x300.jpeg\" alt=\"\" width=\"150\" height=\"300\" srcset=\"https:\/\/sintesis.com.mx\/puebla\/wp-content\/uploads\/2024\/11\/22_Noche_de_las_Estrellas-150x300.jpeg 150w, https:\/\/sintesis.com.mx\/puebla\/wp-content\/uploads\/2024\/11\/22_Noche_de_las_Estrellas-511x1024.jpeg 511w, https:\/\/sintesis.com.mx\/puebla\/wp-content\/uploads\/2024\/11\/22_Noche_de_las_Estrellas-768x1538.jpeg 768w, https:\/\/sintesis.com.mx\/puebla\/wp-content\/uploads\/2024\/11\/22_Noche_de_las_Estrellas-767x1536.jpeg 767w, https:\/\/sintesis.com.mx\/puebla\/wp-content\/uploads\/2024\/11\/22_Noche_de_las_Estrellas-696x1394.jpeg 696w, https:\/\/sintesis.com.mx\/puebla\/wp-content\/uploads\/2024\/11\/22_Noche_de_las_Estrellas-210x420.jpeg 210w, https:\/\/sintesis.com.mx\/puebla\/wp-content\/uploads\/2024\/11\/22_Noche_de_las_Estrellas.jpeg 799w\" sizes=\"(max-width: 150px) 100vw, 150px\" \/><\/p>\n","protected":false},"excerpt":{"rendered":"<p>SAN JOS\u00c9 CHIAPA, Pue. &#8211; Con base en la visi\u00f3n del gobierno presente de Sergio Salom\u00f3n de difundir la ciencia, el organismo Ciudad Modelo llevar\u00e1 a cabo la \u201cNoche de Estrellas\u201d este s\u00e1bado 09 de noviembre en el Centro de Convenciones; el acceso es gratuito. De las 17:00 a las 21:00 horas, las y los [&hellip;]<\/p>\n","protected":false},"author":26,"featured_media":433051,"comment_status":"open","ping_status":"open","sticky":false,"template":"","format":"standard","meta":{"footnotes":""},"categories":[5,72262],"tags":[27,8254,18],"yst_prominent_words":[29724,29666,29975,63324,34014,33097,29840],"class_list":["post-433049","post","type-post","status-publish","format-standard","has-post-thumbnail","hentry","category-cultura","category-gobierno","tag-hoyesnoticia","tag-hoyesnoticiaapp","tag-puebla"],"_links":{"self":[{"href":"https:\/\/sintesis.com.mx\/puebla\/wp-json\/wp\/v2\/posts\/433049"}],"collection":[{"href":"https:\/\/sintesis.com.mx\/puebla\/wp-json\/wp\/v2\/posts"}],"about":[{"href":"https:\/\/sintesis.com.mx\/puebla\/wp-json\/wp\/v2\/types\/post"}],"author":[{"embeddable":true,"href":"https:\/\/sintesis.com.mx\/puebla\/wp-json\/wp\/v2\/users\/26"}],"replies":[{"embeddable":true,"href":"https:\/\/sintesis.com.mx\/puebla\/wp-json\/wp\/v2\/comments?post=433049"}],"version-history":[{"count":1,"href":"https:\/\/sintesis.com.mx\/puebla\/wp-json\/wp\/v2\/posts\/433049\/revisions"}],"predecessor-version":[{"id":433053,"href":"https:\/\/sintesis.com.mx\/puebla\/wp-json\/wp\/v2\/posts\/433049\/revisions\/433053"}],"wp:featuredmedia":[{"embeddable":true,"href":"https:\/\/sintesis.com.mx\/puebla\/wp-json\/wp\/v2\/media\/433051"}],"wp:attachment":[{"href":"https:\/\/sintesis.com.mx\/puebla\/wp-json\/wp\/v2\/media?parent=433049"}],"wp:term":[{"taxonomy":"category","embeddable":true,"href":"https:\/\/sintesis.com.mx\/puebla\/wp-json\/wp\/v2\/categories?post=433049"},{"taxonomy":"post_tag","embeddable":true,"href":"https:\/\/sintesis.com.mx\/puebla\/wp-json\/wp\/v2\/tags?post=433049"},{"taxonomy":"yst_prominent_words","embeddable":true,"href":"https:\/\/sintesis.com.mx\/puebla\/wp-json\/wp\/v2\/yst_prominent_words?post=433049"}],"curies":[{"name":"wp","href":"https:\/\/api.w.org\/{rel}","templated":true}]}}