{"id":433453,"date":"2024-11-08T12:32:31","date_gmt":"2024-11-08T18:32:31","guid":{"rendered":"https:\/\/sintesis.com.mx\/puebla\/?p=433453"},"modified":"2024-11-08T12:32:31","modified_gmt":"2024-11-08T18:32:31","slug":"pepe-chedraui-tomo-2","status":"publish","type":"post","link":"https:\/\/sintesis.com.mx\/puebla\/2024\/11\/08\/pepe-chedraui-tomo-2\/","title":{"rendered":"Pepe Chedraui tom\u00f3 protesta a integrantes del Comit\u00e9 T\u00e9cnico del Centro Hist\u00f3rico y Patrimonio Cultural"},"content":{"rendered":"<p>Con la finalidad de coadyuvar en la integraci\u00f3n de propuestas de mejora de vocaciones culturales, comerciales y patrimoniales del primer cuadro de la ciudad, el presidente municipal, <strong>Pepe Chedraui Budib<\/strong>, tom\u00f3 protesta a las personas que fungir\u00e1n como miembros del <strong>Comit\u00e9 T\u00e9cnico del Centro Hist\u00f3rico y Patrimonio Cultural.<\/strong><\/p>\n<p>La Gerencia del Centro Hist\u00f3rico es un \u00f3rgano desconcentrado de la Secretar\u00eda de Gesti\u00f3n y Desarrollo Urbano, con autonom\u00eda t\u00e9cnica y de gesti\u00f3n que tiene por objetivo preservar, conocer, vigilar y rescatar el primer cuadro de la ciudad y zonas patrimoniales del municipio de Puebla; as\u00ed como divulgar sus valores, promover la ocupaci\u00f3n inmobiliaria, investigaci\u00f3n, gesti\u00f3n y ejecuci\u00f3n de proyectos estrat\u00e9gicos urbanos, se enfoca en la generaci\u00f3n de espacios de encuentro, convivencia, procuraci\u00f3n y supervisi\u00f3n de los proyectos de obra p\u00fablica y servicios relacionados de su competencia.<\/p>\n<p>El Comit\u00e9 T\u00e9cnico instalado tendr\u00e1 una coordinaci\u00f3n interinstitucional con la participaci\u00f3n de la sociedad y sectores empresarial en favor de la calidad de vida de quienes habitan la ciudad, contar\u00e1 con diversas facultades y responsabilidades de seguimiento y proyecci\u00f3n de acciones del Gobierno de la Ciudad a favor del Centro Hist\u00f3rico.<\/p>\n<p>Karina Asunci\u00f3n Romero Sainz, secretaria de Gesti\u00f3n y Desarrollo Urbano, fungir\u00e1 como coordinadora del Comit\u00e9; Aim\u00e9 Guerra P\u00e9rez, titular de la Gerencia del Centro Hist\u00f3rico, como secretaria T\u00e9cnica; las y los vocales ser\u00e1n Rodrigo Dur\u00e1n Herrera Regidor, regidor presidente de la Comisi\u00f3n de Desarrollo Urbano Y Medio Ambiente; David Aysa de Salazar, secretario de Movilidad e Infraestructura; Jaime Ra\u00fal Oropeza Casas, secretario de Econom\u00eda y Turismo; as\u00ed como Anel Nochebuena Escobar, directora General del Instituto Municipal de Arte y Cultura de Puebla, adem\u00e1s de representantes del sector empresarial.<\/p>\n","protected":false},"excerpt":{"rendered":"<p>Con la finalidad de coadyuvar en la integraci\u00f3n de propuestas de mejora de vocaciones culturales, comerciales y patrimoniales del primer cuadro de la ciudad, el presidente municipal, Pepe Chedraui Budib, tom\u00f3 protesta a las personas que fungir\u00e1n como miembros del Comit\u00e9 T\u00e9cnico del Centro Hist\u00f3rico y Patrimonio Cultural. La Gerencia del Centro Hist\u00f3rico es un [&hellip;]<\/p>\n","protected":false},"author":26,"featured_media":433454,"comment_status":"open","ping_status":"open","sticky":false,"template":"","format":"standard","meta":{"footnotes":""},"categories":[83121,86888,72263],"tags":[19670,574,21021,83911,18,23,8253,20668,40526],"yst_prominent_words":[29724,30257,29666,29848,44860,33816,33808,29923,35264,45352,45350,32537,30264,30841,33812,33806,35267],"class_list":["post-433453","post","type-post","status-publish","format-standard","has-post-thumbnail","hentry","category-ayuntamiento","category-ayuntamiento-de-puebla","category-capital","tag-capital","tag-centro-historico","tag-patrimonio-cultural","tag-pepe-chedraui","tag-puebla","tag-slide","tag-slideapp","tag-slider","tag-sliderapp"],"_links":{"self":[{"href":"https:\/\/sintesis.com.mx\/puebla\/wp-json\/wp\/v2\/posts\/433453"}],"collection":[{"href":"https:\/\/sintesis.com.mx\/puebla\/wp-json\/wp\/v2\/posts"}],"about":[{"href":"https:\/\/sintesis.com.mx\/puebla\/wp-json\/wp\/v2\/types\/post"}],"author":[{"embeddable":true,"href":"https:\/\/sintesis.com.mx\/puebla\/wp-json\/wp\/v2\/users\/26"}],"replies":[{"embeddable":true,"href":"https:\/\/sintesis.com.mx\/puebla\/wp-json\/wp\/v2\/comments?post=433453"}],"version-history":[{"count":1,"href":"https:\/\/sintesis.com.mx\/puebla\/wp-json\/wp\/v2\/posts\/433453\/revisions"}],"predecessor-version":[{"id":433455,"href":"https:\/\/sintesis.com.mx\/puebla\/wp-json\/wp\/v2\/posts\/433453\/revisions\/433455"}],"wp:featuredmedia":[{"embeddable":true,"href":"https:\/\/sintesis.com.mx\/puebla\/wp-json\/wp\/v2\/media\/433454"}],"wp:attachment":[{"href":"https:\/\/sintesis.com.mx\/puebla\/wp-json\/wp\/v2\/media?parent=433453"}],"wp:term":[{"taxonomy":"category","embeddable":true,"href":"https:\/\/sintesis.com.mx\/puebla\/wp-json\/wp\/v2\/categories?post=433453"},{"taxonomy":"post_tag","embeddable":true,"href":"https:\/\/sintesis.com.mx\/puebla\/wp-json\/wp\/v2\/tags?post=433453"},{"taxonomy":"yst_prominent_words","embeddable":true,"href":"https:\/\/sintesis.com.mx\/puebla\/wp-json\/wp\/v2\/yst_prominent_words?post=433453"}],"curies":[{"name":"wp","href":"https:\/\/api.w.org\/{rel}","templated":true}]}}