{"id":434594,"date":"2024-11-17T13:44:26","date_gmt":"2024-11-17T19:44:26","guid":{"rendered":"https:\/\/sintesis.com.mx\/puebla\/?p=434594"},"modified":"2024-11-17T13:44:26","modified_gmt":"2024-11-17T19:44:26","slug":"arzobispo-pide-a","status":"publish","type":"post","link":"https:\/\/sintesis.com.mx\/puebla\/2024\/11\/17\/arzobispo-pide-a\/","title":{"rendered":"Arzobispo pide a Dios paz para M\u00e9xico"},"content":{"rendered":"<p>El arzobispo de Puebla, V\u00edctor S\u00e1nchez Espinosa, dirigi\u00f3 la misa dominical en la Bas\u00edlica Catedral y dedic\u00f3 oraciones al exalcalde de Tepeojuma, Manuel Ismael Gil, asesinado el viernes pasado en Chietla mientras trabajaba en su refaccionaria. Durante su homil\u00eda, el arzobispo conden\u00f3 en\u00e9rgicamente el crimen y lanz\u00f3 un llamado urgente por la paz en el pa\u00eds.<\/p>\n<p>\u201cPid\u00e1mosle a Dios que traiga paz a este M\u00e9xico que tanto amamos, pero que tanto est\u00e1 sufriendo, con tanta sangre derramada\u201d, expres\u00f3 S\u00e1nchez Espinosa, lamentando el alarmante incremento de la violencia. Resalt\u00f3 su preocupaci\u00f3n por el desprecio creciente hacia la vida humana, subrayando que las noticias de actos atroces se han convertido en una constante que sacude a la sociedad diariamente.<\/p>\n<p>El prelado se mostr\u00f3 impactado por la brutalidad de los hechos que llenan las noticias, describiendo con pesar: \u201cAtormentaron, mataron, descuartizaron y quemaron a personas; es terrible. Un desprecio espantoso por la vida que tristemente presenciamos en todas partes\u201d. Ante los fieles reunidos, el arzobispo reflexion\u00f3 sobre la brevedad de la vida y la importancia de hacer el bien sin esperar un ma\u00f1ana seguro. \u201cEl fin de nuestra historia llegar\u00e1 sin aviso, as\u00ed que debemos estar preparados y siempre hacer lo correcto\u201d, insisti\u00f3.<\/p>\n<p>S\u00e1nchez Espinosa tambi\u00e9n habl\u00f3 sobre las dificultades actuales que enfrentan las familias mexicanas, como la violencia, la inseguridad y las crisis econ\u00f3micas y sociales. En medio de estas problem\u00e1ticas, alert\u00f3 sobre el riesgo de perder la esperanza y sucumbir a la desesperanza. \u201cPareciera que el mal est\u00e1 ganando terreno, lo que nos hace sentir que el sentido de la vida se nos escapa\u201d, advirti\u00f3, aunque inst\u00f3 a no rendirse. \u201cLa palabra de Dios es esa luz que brilla en medio de las tormentas y la oscuridad\u201d, afirm\u00f3.<\/p>\n<p>El arzobispo anim\u00f3 a los fieles a fortalecer su fe: \u201cNo sabemos el d\u00eda ni la hora, pero Dios llegar\u00e1 a iluminar nuestras vidas. Son tiempos muy dif\u00edciles, pero no hay que dejarse vencer\u201d. Antes de concluir, anunci\u00f3 una jornada de mega evangelizaci\u00f3n para el pr\u00f3ximo domingo en honor al d\u00eda de Cristo Rey y adelant\u00f3 que la Catedral se iluminar\u00e1 de rojo como s\u00edmbolo de solidaridad con los cristianos perseguidos.<\/p>\n","protected":false},"excerpt":{"rendered":"<p>El arzobispo de Puebla, V\u00edctor S\u00e1nchez Espinosa, dirigi\u00f3 la misa dominical en la Bas\u00edlica Catedral y dedic\u00f3 oraciones al exalcalde de Tepeojuma, Manuel Ismael Gil, asesinado el viernes pasado en Chietla mientras trabajaba en su refaccionaria. Durante su homil\u00eda, el arzobispo conden\u00f3 en\u00e9rgicamente el crimen y lanz\u00f3 un llamado urgente por la paz en el [&hellip;]<\/p>\n","protected":false},"author":168,"featured_media":343937,"comment_status":"open","ping_status":"open","sticky":false,"template":"","format":"standard","meta":{"footnotes":""},"categories":[3],"tags":[80477,24569,41,12913,27,7420,18],"yst_prominent_words":[29569,40636,39173,36886,29823,39739,29924,29574,39172,30423,31782],"class_list":["post-434594","post","type-post","status-publish","format-standard","has-post-thumbnail","hentry","category-puebla","tag-arzobispado-de-puebla","tag-arzobispo-victor-sanchez-espinosa","tag-es-noticia","tag-hechos-violentos","tag-hoyesnoticia","tag-paz","tag-puebla"],"_links":{"self":[{"href":"https:\/\/sintesis.com.mx\/puebla\/wp-json\/wp\/v2\/posts\/434594"}],"collection":[{"href":"https:\/\/sintesis.com.mx\/puebla\/wp-json\/wp\/v2\/posts"}],"about":[{"href":"https:\/\/sintesis.com.mx\/puebla\/wp-json\/wp\/v2\/types\/post"}],"author":[{"embeddable":true,"href":"https:\/\/sintesis.com.mx\/puebla\/wp-json\/wp\/v2\/users\/168"}],"replies":[{"embeddable":true,"href":"https:\/\/sintesis.com.mx\/puebla\/wp-json\/wp\/v2\/comments?post=434594"}],"version-history":[{"count":1,"href":"https:\/\/sintesis.com.mx\/puebla\/wp-json\/wp\/v2\/posts\/434594\/revisions"}],"predecessor-version":[{"id":434600,"href":"https:\/\/sintesis.com.mx\/puebla\/wp-json\/wp\/v2\/posts\/434594\/revisions\/434600"}],"wp:featuredmedia":[{"embeddable":true,"href":"https:\/\/sintesis.com.mx\/puebla\/wp-json\/wp\/v2\/media\/343937"}],"wp:attachment":[{"href":"https:\/\/sintesis.com.mx\/puebla\/wp-json\/wp\/v2\/media?parent=434594"}],"wp:term":[{"taxonomy":"category","embeddable":true,"href":"https:\/\/sintesis.com.mx\/puebla\/wp-json\/wp\/v2\/categories?post=434594"},{"taxonomy":"post_tag","embeddable":true,"href":"https:\/\/sintesis.com.mx\/puebla\/wp-json\/wp\/v2\/tags?post=434594"},{"taxonomy":"yst_prominent_words","embeddable":true,"href":"https:\/\/sintesis.com.mx\/puebla\/wp-json\/wp\/v2\/yst_prominent_words?post=434594"}],"curies":[{"name":"wp","href":"https:\/\/api.w.org\/{rel}","templated":true}]}}