{"id":434907,"date":"2024-11-19T18:54:02","date_gmt":"2024-11-20T00:54:02","guid":{"rendered":"https:\/\/sintesis.com.mx\/puebla\/?p=434907"},"modified":"2024-11-19T18:54:02","modified_gmt":"2024-11-20T00:54:02","slug":"pepe-chedraui-y-marielise-instalaron","status":"publish","type":"post","link":"https:\/\/sintesis.com.mx\/puebla\/2024\/11\/19\/pepe-chedraui-y-marielise-instalaron\/","title":{"rendered":"Pepe Chedraui y MariElise instalaron Junta Directiva del Sistema Municipal DIF 2024 -2027"},"content":{"rendered":"<p>El presidente municipal, Pepe Chedraui Budib y MariElise Budib encabezaron la instalaci\u00f3n y toma de protesta de los miembros de la Junta Directiva del Sistema Municipal DIF (SMDIF) correspondiente a la administraci\u00f3n municipal 2024 -2027.<\/p>\n<p>En la primera sesi\u00f3n ordinaria de este \u00f3rgano se dio seguimiento a lo dispuesto en el Reglamento Interior del SMDIF. Las y los integrantes aprobaron el Punto de Acuerdo por el que se realizar\u00e1 la contrataci\u00f3n del auditor externo que dictaminar\u00e1 los estados financieros, programas contables y presupuestarios del organismo municipal para el periodo del 15 de octubre al 31 de diciembre<\/p>\n<p>El alcalde fungir\u00e1 como presidente honorario, mientras que Carlos Humberto G\u00f3mez Tepoz, participa como presidente Ejecutivo y Humberto Hern\u00e1ndez Urbina como secretario T\u00e9cnico.<\/p>\n<p>Las y los vocales son Mar\u00eda Teresa Rivera Vivanco, Magnolia Ivon Enr\u00edquez Parra, Fernando Rosales Sol\u00eds, Jaime Ra\u00fal Oropeza Casas, H\u00e9ctor Romay Gonz\u00e1lez Cobi\u00e1n, Fernanda Ballesteros Scougall y Dulce Lilia Rivera Aranda.<\/p>\n","protected":false},"excerpt":{"rendered":"<p>El presidente municipal, Pepe Chedraui Budib y MariElise Budib encabezaron la instalaci\u00f3n y toma de protesta de los miembros de la Junta Directiva del Sistema Municipal DIF (SMDIF) correspondiente a la administraci\u00f3n municipal 2024 -2027. En la primera sesi\u00f3n ordinaria de este \u00f3rgano se dio seguimiento a lo dispuesto en el Reglamento Interior del SMDIF. [&hellip;]<\/p>\n","protected":false},"author":26,"featured_media":434908,"comment_status":"open","ping_status":"open","sticky":false,"template":"","format":"standard","meta":{"footnotes":""},"categories":[86888,8,3,11],"tags":[65,27,18,23,20668,40526],"yst_prominent_words":[39365,29816,30887,29661,48458],"class_list":["post-434907","post","type-post","status-publish","format-standard","has-post-thumbnail","hentry","category-ayuntamiento-de-puebla","category-hoyesnoticia","category-puebla","category-slide","tag-esnoticia","tag-hoyesnoticia","tag-puebla","tag-slide","tag-slider","tag-sliderapp"],"_links":{"self":[{"href":"https:\/\/sintesis.com.mx\/puebla\/wp-json\/wp\/v2\/posts\/434907"}],"collection":[{"href":"https:\/\/sintesis.com.mx\/puebla\/wp-json\/wp\/v2\/posts"}],"about":[{"href":"https:\/\/sintesis.com.mx\/puebla\/wp-json\/wp\/v2\/types\/post"}],"author":[{"embeddable":true,"href":"https:\/\/sintesis.com.mx\/puebla\/wp-json\/wp\/v2\/users\/26"}],"replies":[{"embeddable":true,"href":"https:\/\/sintesis.com.mx\/puebla\/wp-json\/wp\/v2\/comments?post=434907"}],"version-history":[{"count":1,"href":"https:\/\/sintesis.com.mx\/puebla\/wp-json\/wp\/v2\/posts\/434907\/revisions"}],"predecessor-version":[{"id":434909,"href":"https:\/\/sintesis.com.mx\/puebla\/wp-json\/wp\/v2\/posts\/434907\/revisions\/434909"}],"wp:featuredmedia":[{"embeddable":true,"href":"https:\/\/sintesis.com.mx\/puebla\/wp-json\/wp\/v2\/media\/434908"}],"wp:attachment":[{"href":"https:\/\/sintesis.com.mx\/puebla\/wp-json\/wp\/v2\/media?parent=434907"}],"wp:term":[{"taxonomy":"category","embeddable":true,"href":"https:\/\/sintesis.com.mx\/puebla\/wp-json\/wp\/v2\/categories?post=434907"},{"taxonomy":"post_tag","embeddable":true,"href":"https:\/\/sintesis.com.mx\/puebla\/wp-json\/wp\/v2\/tags?post=434907"},{"taxonomy":"yst_prominent_words","embeddable":true,"href":"https:\/\/sintesis.com.mx\/puebla\/wp-json\/wp\/v2\/yst_prominent_words?post=434907"}],"curies":[{"name":"wp","href":"https:\/\/api.w.org\/{rel}","templated":true}]}}