{"id":434993,"date":"2024-11-20T16:50:01","date_gmt":"2024-11-20T22:50:01","guid":{"rendered":"https:\/\/sintesis.com.mx\/puebla\/?p=434993"},"modified":"2024-11-20T16:51:09","modified_gmt":"2024-11-20T22:51:09","slug":"ley-de-armenta-ingresa","status":"publish","type":"post","link":"https:\/\/sintesis.com.mx\/puebla\/2024\/11\/20\/ley-de-armenta-ingresa\/","title":{"rendered":"Ley de Armenta ingresa el mi\u00e9rcoles a la Junta de Gobierno"},"content":{"rendered":"<p>La presidenta del Congreso del Estado, Laura Artemisa Garc\u00eda Ch\u00e1vez anunci\u00f3 que el mi\u00e9rcoles 27 de noviembre ingresar\u00e1 a la Junta de Gobierno y Coordinaci\u00f3n Pol\u00edtica la nueva Ley Org\u00e1nica de la Administraci\u00f3n P\u00fablica del Gobierno del Estado, adem\u00e1s van por una modificaci\u00f3n al poder legislativo.<\/p>\n<p>En entrevista, relat\u00f3 que, al d\u00eda siguiente, el 28 de noviembre, ingresar\u00e1 al pleno la propuesta del gobernador electo, Alejandro Armenta, para darle tr\u00e1mite ante comisiones.<\/p>\n<p>Coment\u00f3 que, si bien los partidos pol\u00edticos en el poder legislativo realizaron modificaciones, la ley no cambiar\u00e1 en su origen debido que se busca que prevalezca la naturaleza de la misma.<\/p>\n<p>\u201cHan hecho aportaciones los grupos legislativos, ayer recibimos la del PAN que era la que nos faltaba; hacemos revisi\u00f3n con los jur\u00eddicos, algunas no son de fondo, algunas son importantes que tendr\u00e1n que atenderse y poner la mesa la \u00faltima versi\u00f3n, que no cambie el origen y el sentido que hoy est\u00e1 proponiendo\u00bb.<\/p>\n<p>Con relaci\u00f3n a la ley org\u00e1nica del Congreso del Estado, anunci\u00f3 que s\u00ed analizan su modificaci\u00f3n, ya que en una primera revisi\u00f3n han observado que existen atrasos en manuales y normativas.<\/p>\n<p>\u201cLo analizamos y lo estaremos presentando en la junta a las y los diputados, es un tema m\u00e1s administrativo. Queremos estar en la norma y que no est\u00e9 rebasada en el tema interno. Vamos a dar vida a una ley org\u00e1nica nueva\u201d.<\/p>\n","protected":false},"excerpt":{"rendered":"<p>La presidenta del Congreso del Estado, Laura Artemisa Garc\u00eda Ch\u00e1vez anunci\u00f3 que el mi\u00e9rcoles 27 de noviembre ingresar\u00e1 a la Junta de Gobierno y Coordinaci\u00f3n Pol\u00edtica la nueva Ley Org\u00e1nica de la Administraci\u00f3n P\u00fablica del Gobierno del Estado, adem\u00e1s van por una modificaci\u00f3n al poder legislativo. En entrevista, relat\u00f3 que, al d\u00eda siguiente, el 28 [&hellip;]<\/p>\n","protected":false},"author":9,"featured_media":432827,"comment_status":"open","ping_status":"open","sticky":false,"template":"","format":"standard","meta":{"footnotes":""},"categories":[3],"tags":[487,88251,26264,18,23,8253,20668,40526],"yst_prominent_words":[37120,29787,29786,32621,32964,29619,40908,30634,40764,40923,48842,33949,29837,30505],"class_list":["post-434993","post","type-post","status-publish","format-standard","has-post-thumbnail","hentry","category-puebla","tag-alejandro-armenta-mier","tag-laura-artemisa-garcia-chavez","tag-ley-organica-de-la-administracion-publica","tag-puebla","tag-slide","tag-slideapp","tag-slider","tag-sliderapp"],"_links":{"self":[{"href":"https:\/\/sintesis.com.mx\/puebla\/wp-json\/wp\/v2\/posts\/434993"}],"collection":[{"href":"https:\/\/sintesis.com.mx\/puebla\/wp-json\/wp\/v2\/posts"}],"about":[{"href":"https:\/\/sintesis.com.mx\/puebla\/wp-json\/wp\/v2\/types\/post"}],"author":[{"embeddable":true,"href":"https:\/\/sintesis.com.mx\/puebla\/wp-json\/wp\/v2\/users\/9"}],"replies":[{"embeddable":true,"href":"https:\/\/sintesis.com.mx\/puebla\/wp-json\/wp\/v2\/comments?post=434993"}],"version-history":[{"count":2,"href":"https:\/\/sintesis.com.mx\/puebla\/wp-json\/wp\/v2\/posts\/434993\/revisions"}],"predecessor-version":[{"id":435003,"href":"https:\/\/sintesis.com.mx\/puebla\/wp-json\/wp\/v2\/posts\/434993\/revisions\/435003"}],"wp:featuredmedia":[{"embeddable":true,"href":"https:\/\/sintesis.com.mx\/puebla\/wp-json\/wp\/v2\/media\/432827"}],"wp:attachment":[{"href":"https:\/\/sintesis.com.mx\/puebla\/wp-json\/wp\/v2\/media?parent=434993"}],"wp:term":[{"taxonomy":"category","embeddable":true,"href":"https:\/\/sintesis.com.mx\/puebla\/wp-json\/wp\/v2\/categories?post=434993"},{"taxonomy":"post_tag","embeddable":true,"href":"https:\/\/sintesis.com.mx\/puebla\/wp-json\/wp\/v2\/tags?post=434993"},{"taxonomy":"yst_prominent_words","embeddable":true,"href":"https:\/\/sintesis.com.mx\/puebla\/wp-json\/wp\/v2\/yst_prominent_words?post=434993"}],"curies":[{"name":"wp","href":"https:\/\/api.w.org\/{rel}","templated":true}]}}