{"id":437969,"date":"2024-12-11T16:58:12","date_gmt":"2024-12-11T22:58:12","guid":{"rendered":"https:\/\/sintesis.com.mx\/puebla\/?p=437969"},"modified":"2024-12-11T17:02:22","modified_gmt":"2024-12-11T23:02:22","slug":"la-espiral-91-7","status":"publish","type":"post","link":"https:\/\/sintesis.com.mx\/puebla\/2024\/12\/11\/la-espiral-91-7\/","title":{"rendered":"Por la espiral"},"content":{"rendered":"<p>China argumenta que quiere la paz en el mundo, pero sus esfuerzos reales para que persista son bastante tibios porque sigue poni\u00e9ndose de perfil ante la invasi\u00f3n de Rusia a Ucrania y ante el sufrimiento de los palestinos en la Franja de Gaza bombardeados por Israel.<\/p>\n<p>Y, encima, a nadie enga\u00f1a que el gobierno de Xi Jinping sigue intensificando su apoyo econ\u00f3mico a Rusia con compras cuantiosas de petr\u00f3leo barato, pero tambi\u00e9n Beijing ha sido fundamental en su apoyo al Kremlin con intercambio de datos por sat\u00e9lite; suministro de componentes microelectr\u00f3nicos y maquinaria para fabricar tanques. Quieren la paz, pero tampoco se esfuerzan mucho por conseguirla.<\/p>\n<p>Este a\u00f1o pude conocer al nuevo embajador de China en Espa\u00f1a, Yao Ying, arropado adem\u00e1s por un importante grupo de presidentes y directivos de diversos consorcios y multinacionales chinas interesados en invertir en rubros tales como el turismo; las energ\u00edas renovables; frutas ex\u00f3ticas y\u00a0\u00a0 atra\u00eddos tambi\u00e9n por aprender del cultivo del olivo y de sus derivados.<\/p>\n<p>Justo esta semana se anunci\u00f3 una noticia bastante relevante y jugosa por la cantidad que ser\u00e1 invertida en el pa\u00eds ib\u00e9rico: el gigante multinacional automovil\u00edstico Stellantis y el principal productor de bater\u00edas del mundo, la china CATL, han decidido\u00a0invertir 4 mil 100 millones de euros para construir\u00a0en Zaragoza, la mayor planta de bater\u00edas.\u00a0 \u00a1Un notici\u00f3n!<\/p>\n<p>El gobierno de Beijing utiliza su pol\u00edtica de soft power, con la billetera abierta, para invertir en aquello que requiere para sus respectivas industrias y para lubricar su llamada Nueva Ruta de la Seda.<\/p>\n<p><strong>A COLACI\u00d3N<\/strong><\/p>\n<p>En diciembre del a\u00f1o pasado, en Beijing, los dirigentes de la UE se reunieron con el presidente Jinping (hac\u00eda cuatro a\u00f1os que no se ve\u00edan) bastante interesados en el d\u00e9ficit comercial de Europa con el gigante asi\u00e1tico.<\/p>\n<p>\u00abNecesitamos hacer que nuestra relaci\u00f3n comercial y econ\u00f3mica sea m\u00e1s rec\u00edproca y equilibrada\u00bb, declar\u00f3\u00a0\u00a0 entonces Charles Michel, presidente del Consejo Europeo y agreg\u00f3 que el bloque espera que China tome medidas m\u00e1s concretas para aumentar el acceso al mercado para las empresas extranjeras.<\/p>\n<p>En dicha ocasi\u00f3n, la presidenta de la Comisi\u00f3n Europea, Ursula von der Leyen, reiter\u00f3 la necesidad de\u00a0buscar un balance comercial m\u00e1s equilibrado porque \u201cpol\u00edticamente\u201d los l\u00edderes europeos no podr\u00e1n tolerar que nuestra base industrial se vea socavada por la competencia desleal.<\/p>\n<p>La UE se\u00f1ala que tiene un d\u00e9ficit comercial con China, superior a los\u00a0400 mil millones de d\u00f3lares, resultado de las facilidades para que los empresarios chinos vendan sus productos en la UE y las dificultades, en\u00a0pol\u00edtica comercial,\u00a0para que los empresarios europeos y sus productos entren en\u00a0los mercados chinos. Tambi\u00e9n los europeos acusan\u00a0a China de no ceder para llevar a cabo una investigaci\u00f3n antisubsidios de la UE sobre los veh\u00edculos el\u00e9ctricos chinos<\/p>\n<p>De acuerdo con Euroactiv, el comercio de bienes entre China y la UE en 2023, aunque disminuy\u00f3, a\u00fan se situ\u00f3 en 783 mil millones de d\u00f3lares, lo que representa un promedio de casi 1.5 millones de d\u00f3lares de intercambios comerciales por minuto.<\/p>\n<p>Las importaciones chinas de maquinaria, productos farmac\u00e9uticos y bebidas alcoh\u00f3licas procedentes de la UE crecieron un 15.7%, un 13.7% y un 6.1%, respectivamente. Al mismo tiempo, las exportaciones chinas de nuevos productos energ\u00e9ticos, electr\u00f3nicos y otras materias primas a la UE han acelerado las transiciones ecol\u00f3gica y digital de Europa.<\/p>\n<p>Seg\u00fan las estad\u00edsticas chinas, el\u00a0<em>stock<\/em>\u00a0de inversi\u00f3n bidireccional entre China y la UE super\u00f3 los 250 mil millones de d\u00f3lares a finales de 2023. La inversi\u00f3n de la UE en China en 2023 fue de 10 mil 600 millones de d\u00f3lares, un 5.5% m\u00e1s, superando los 10 mil millones de d\u00f3lares por segundo a\u00f1o consecutivo. En el mismo per\u00edodo, la inversi\u00f3n de China en la UE fue de 8 mil 200 millones de d\u00f3lares, un 17.4% m\u00e1s.<\/p>\n<p>La realidad es que si bien a la UE le interesa expandirse en China hay\u00a0vientos de desconfianza y recelo hacia las pol\u00edticas de subsidios chinas y hacia el rol estrat\u00e9gico de China en el mundo.<\/p>\n<p>Desde junio de 2023, la Comisi\u00f3n Europea anunci\u00f3\u00a0medidas para bloquear a las empresas chinas Huawei y ZTE y dejar de contratar operadores que utilicen equipos chinos.<\/p>\n<p>El Ejecutivo de la UE y los expertos en ciberseguridad de los pa\u00edses miembros presentaron un informe para reducir su dependencia hacia los fabricantes chinos de equipos de telecomunicaciones.<\/p>\n<p>En el documento se se\u00f1ala que Huawei y ZTE suponen \u201criesgos m\u00e1s altos\u201d que otros proveedores de 5G. A partir de entonces, casi la totalidad de los pa\u00edses miembros de la UE, est\u00e1n adoptando o bien preparando, medidas legislativas para permitir que los servicios de seguridad bloqueen los contratos con Huawei.\u00a0 Hay un enorme recelo hacia Beijing y su astuta forma de penetrar en los pa\u00edses y en los mercados.<\/p>\n<p>@claudialunapale<\/p>\n","protected":false},"excerpt":{"rendered":"<p>China argumenta que quiere la paz en el mundo, pero sus esfuerzos reales para que persista son bastante tibios porque sigue poni\u00e9ndose de perfil ante la invasi\u00f3n de Rusia a Ucrania y ante el sufrimiento de los palestinos en la Franja de Gaza bombardeados por Israel. Y, encima, a nadie enga\u00f1a que el gobierno de [&hellip;]<\/p>\n","protected":false},"author":100,"featured_media":281793,"comment_status":"open","ping_status":"open","sticky":false,"template":"","format":"standard","meta":{"footnotes":""},"categories":[7],"tags":[41,65,27,8254,614,19225,5669],"yst_prominent_words":[57355,30746,66626,40575,39574,36560,31557,53540,32411,30912,30333],"class_list":["post-437969","post","type-post","status-publish","format-standard","has-post-thumbnail","hentry","category-vox","tag-es-noticia","tag-esnoticia","tag-hoyesnoticia","tag-hoyesnoticiaapp","tag-opinion","tag-por-la-espiral","tag-vox"],"_links":{"self":[{"href":"https:\/\/sintesis.com.mx\/puebla\/wp-json\/wp\/v2\/posts\/437969"}],"collection":[{"href":"https:\/\/sintesis.com.mx\/puebla\/wp-json\/wp\/v2\/posts"}],"about":[{"href":"https:\/\/sintesis.com.mx\/puebla\/wp-json\/wp\/v2\/types\/post"}],"author":[{"embeddable":true,"href":"https:\/\/sintesis.com.mx\/puebla\/wp-json\/wp\/v2\/users\/100"}],"replies":[{"embeddable":true,"href":"https:\/\/sintesis.com.mx\/puebla\/wp-json\/wp\/v2\/comments?post=437969"}],"version-history":[{"count":3,"href":"https:\/\/sintesis.com.mx\/puebla\/wp-json\/wp\/v2\/posts\/437969\/revisions"}],"predecessor-version":[{"id":437972,"href":"https:\/\/sintesis.com.mx\/puebla\/wp-json\/wp\/v2\/posts\/437969\/revisions\/437972"}],"wp:featuredmedia":[{"embeddable":true,"href":"https:\/\/sintesis.com.mx\/puebla\/wp-json\/wp\/v2\/media\/281793"}],"wp:attachment":[{"href":"https:\/\/sintesis.com.mx\/puebla\/wp-json\/wp\/v2\/media?parent=437969"}],"wp:term":[{"taxonomy":"category","embeddable":true,"href":"https:\/\/sintesis.com.mx\/puebla\/wp-json\/wp\/v2\/categories?post=437969"},{"taxonomy":"post_tag","embeddable":true,"href":"https:\/\/sintesis.com.mx\/puebla\/wp-json\/wp\/v2\/tags?post=437969"},{"taxonomy":"yst_prominent_words","embeddable":true,"href":"https:\/\/sintesis.com.mx\/puebla\/wp-json\/wp\/v2\/yst_prominent_words?post=437969"}],"curies":[{"name":"wp","href":"https:\/\/api.w.org\/{rel}","templated":true}]}}