{"id":44165,"date":"2017-06-09T18:54:22","date_gmt":"2017-06-10T00:54:22","guid":{"rendered":"https:\/\/www.sintesis.mx\/?p=44165"},"modified":"2017-06-09T18:54:22","modified_gmt":"2017-06-10T00:54:22","slug":"ratifican-convenio-a-favor-los-migrantes","status":"publish","type":"post","link":"https:\/\/sintesis.com.mx\/puebla\/2017\/06\/09\/ratifican-convenio-a-favor-los-migrantes\/","title":{"rendered":"Ratifican convenio a favor de los migrantes"},"content":{"rendered":"<p>Con el objetivo de identificar las problem\u00e1ticas que aquejan a los <strong>migrantes<\/strong> y de alguna manera tratar de resolver lo que corresponde como universidad y como asociaci\u00f3n civil, la <strong>Facultad de Derecho y Ciencias Sociales (FDyCS) de la BUAP<\/strong>, ratific\u00f3 un convenio de colaboraci\u00f3n con Iniciativa Ciudadana para la Promoci\u00f3n de la Cultura del Di\u00e1logo.<\/p>\n<h5><em><strong>\u00abMientras m\u00e1s podamos trabajar y unirnos tanto las universidades como la ciudadan\u00eda y todos a los que nos afecta el problema de los migrantes, creo que poco a poco podemos ir dando respuestas y propuestas a esta situaci\u00f3n que cada d\u00eda es m\u00e1s lacerante\u00bb, dijo Roberto Santa Cruz Fern\u00e1ndez, director de la FDyCS de la Benem\u00e9rita Universidad Aut\u00f3noma de Puebla (BUAP).<\/strong><\/em><\/h5>\n<p>Entre los resultados de este trabajo colaborativo que se suscribi\u00f3 de septiembre del a\u00f1o 2010, est\u00e1 la publicaci\u00f3n de siete reportes semestrales sobre la migraci\u00f3n en la entidad, los cuales han abordado diferentes aspectos de la problem\u00e1tica migratoria, desde el acceso a la salud y a programas p\u00fablicos, hasta la participaci\u00f3n de poblanos en el exterior.<\/p>\n<p><strong><em>\u00abHemos hecho trabajo de capacitaci\u00f3n, m\u00e1s all\u00e1 de los reportes, en los que se les ha dado las herramientas a los enlaces municipales para que ellos enfrenten las gestiones que les llegan de los familiares de los migrantes desde Nueva York. De c\u00f3mo podemos construir verdaderamente pol\u00edticas p\u00fablicas con rostro humano\u00bb, apunt\u00f3 Elio Arturo Villase\u00f1or G\u00f3mez, director general de Iniciativa Ciudadana.<\/em><\/strong><\/p>\n<p>Tambi\u00e9n el que alumnos de esta facultad de la BUAP est\u00e9n con ellos haciendo servicio social, agreg\u00f3 Villase\u00f1or G\u00f3mez, ha tenido un impacto positivo, ya que se ha fortalecido la respuesta a las demandas que se tienen de las comunidades en este tema. La sinergia entonces, no s\u00f3lo ha sido innovadora en el sentido de hacer propuestas de pol\u00edticas p\u00fablicas a trav\u00e9s del contacto con la gente, tambi\u00e9n ha propuesto la orientaci\u00f3n de las mismas.<\/p>\n<p>En el marco de la ratificaci\u00f3n del convenio, se present\u00f3 el libro \u00abEl Sistema Migratorio Mesoamericano\u00bb, coordinado por Carlos Heredia Zubieta, profesor del <strong>Centro de Investigaci\u00f3n y Docencia Econ\u00f3micas (CIDE)<\/strong>, y editado por la misma instituci\u00f3n en colaboraci\u00f3n con el Colegio de la Frontera Norte (Colef).<\/p>\n","protected":false},"excerpt":{"rendered":"<p>Con el objetivo de identificar las problem\u00e1ticas que aquejan a los migrantes y de alguna manera tratar de resolver lo que corresponde como universidad y como asociaci\u00f3n civil, la FDyCS de la BUAP, ratific\u00f3 un convenio de colaboraci\u00f3n con Iniciativa Ciudadana para la Promoci\u00f3n de la Cultura del Di\u00e1logo.<\/p>\n","protected":false},"author":13,"featured_media":44202,"comment_status":"open","ping_status":"open","sticky":false,"template":"","format":"standard","meta":{"footnotes":""},"categories":[1],"tags":[311,1088,1089,1090],"yst_prominent_words":[],"class_list":["post-44165","post","type-post","status-publish","format-standard","has-post-thumbnail","hentry","category-sin-categoria","tag-buap","tag-facultad-de-derecho","tag-iniciativa-ciudadana","tag-migracion"],"_links":{"self":[{"href":"https:\/\/sintesis.com.mx\/puebla\/wp-json\/wp\/v2\/posts\/44165"}],"collection":[{"href":"https:\/\/sintesis.com.mx\/puebla\/wp-json\/wp\/v2\/posts"}],"about":[{"href":"https:\/\/sintesis.com.mx\/puebla\/wp-json\/wp\/v2\/types\/post"}],"author":[{"embeddable":true,"href":"https:\/\/sintesis.com.mx\/puebla\/wp-json\/wp\/v2\/users\/13"}],"replies":[{"embeddable":true,"href":"https:\/\/sintesis.com.mx\/puebla\/wp-json\/wp\/v2\/comments?post=44165"}],"version-history":[{"count":0,"href":"https:\/\/sintesis.com.mx\/puebla\/wp-json\/wp\/v2\/posts\/44165\/revisions"}],"wp:featuredmedia":[{"embeddable":true,"href":"https:\/\/sintesis.com.mx\/puebla\/wp-json\/"}],"wp:attachment":[{"href":"https:\/\/sintesis.com.mx\/puebla\/wp-json\/wp\/v2\/media?parent=44165"}],"wp:term":[{"taxonomy":"category","embeddable":true,"href":"https:\/\/sintesis.com.mx\/puebla\/wp-json\/wp\/v2\/categories?post=44165"},{"taxonomy":"post_tag","embeddable":true,"href":"https:\/\/sintesis.com.mx\/puebla\/wp-json\/wp\/v2\/tags?post=44165"},{"taxonomy":"yst_prominent_words","embeddable":true,"href":"https:\/\/sintesis.com.mx\/puebla\/wp-json\/wp\/v2\/yst_prominent_words?post=44165"}],"curies":[{"name":"wp","href":"https:\/\/api.w.org\/{rel}","templated":true}]}}