{"id":442957,"date":"2025-01-28T12:15:15","date_gmt":"2025-01-28T18:15:15","guid":{"rendered":"https:\/\/sintesis.com.mx\/puebla\/?p=442957"},"modified":"2025-01-28T12:18:29","modified_gmt":"2025-01-28T18:18:29","slug":"morena-buscara-a-pepe","status":"publish","type":"post","link":"https:\/\/sintesis.com.mx\/puebla\/2025\/01\/28\/morena-buscara-a-pepe\/","title":{"rendered":"Morena buscar\u00e1 a Pepe Chedraui para afiliarlo"},"content":{"rendered":"<p>Al se\u00f1alar que en estos d\u00edas buscar\u00e1 al presidente municipal de Puebla, Pepe Chedraui para afilarlo ella misma, <strong>la dirigente estatal de Morena, Olga Lucia Romero Garci-Crespo ratific\u00f3 que superar\u00e1n la meta de los 500 mil militantes; actualmente son m\u00e1s de 120 mil.<\/strong><\/p>\n<p>En conferencia de prensa, expres\u00f3 que, si bien la adhesi\u00f3n a las filas al Movimiento de Regeneraci\u00f3n Nacional es voluntaria, conoce que el edil capitalino s\u00ed quiere pertenecer al partido guinda, al igual que varios miembros de la bancada de Morena en el Congreso del Estado.<\/p>\n<p>Incluso, dijo que cuenta con varias llamadas y mensajes de funcionarios y personas que buscan credencializarse luego que el ejecutivo local, Alejandro Armenta Mier, puso el ejemplo.<\/p>\n<p>\u201cEs una decisi\u00f3n personal, nuestros amigos y amigas, ya iniciaron la afiliaci\u00f3n, vimos fotos de nuestro gobernador Alejandro Armenta. Mi tel\u00e9fono est\u00e1 lleno, les urge, como vieron la foto ya quieren formar parte de este gran proyecto\u201d.<\/p>\n<p>Con relaci\u00f3n a si hizo lo propio Jos\u00e9 Chedraui, respondi\u00f3 que seguramente en d\u00edas subsecuentes se afiliar\u00e1, pero adem\u00e1s ella lo va a buscar para que as\u00ed sea.<\/p>\n<p>\u201cCreo que yo voy a afiliar, si no Cesar, pero yo lo voy a acompa\u00f1ar, tengo noticias que quiere hacerlo\u201d.<\/p>\n<p>A\u00f1adi\u00f3 que en este proceso de afiliaci\u00f3n, el partido no destinar\u00e1 alg\u00fan recurso para la credencializaci\u00f3n, y superar\u00e1n la meta estatal de los 500 mil y a nivel nacional de 10 millones, pero el dato ya lo tendr\u00e1n en diciembre.<\/p>\n","protected":false},"excerpt":{"rendered":"<p>Al se\u00f1alar que en estos d\u00edas buscar\u00e1 al presidente municipal de Puebla, Pepe Chedraui para afilarlo ella misma, la dirigente estatal de Morena, Olga Lucia Romero Garci-Crespo ratific\u00f3 que superar\u00e1n la meta de los 500 mil militantes; actualmente son m\u00e1s de 120 mil. En conferencia de prensa, expres\u00f3 que, si bien la adhesi\u00f3n a las [&hellip;]<\/p>\n","protected":false},"author":9,"featured_media":437440,"comment_status":"open","ping_status":"open","sticky":false,"template":"","format":"standard","meta":{"footnotes":""},"categories":[3],"tags":[15443,3428,41,65,27,8254,332,25008,88985],"yst_prominent_words":[29722,65831,29991,48633,33273,54013,30091,30821,30439,30023,30086],"class_list":["post-442957","post","type-post","status-publish","format-standard","has-post-thumbnail","hentry","category-puebla","tag-afiliacion","tag-diputados","tag-es-noticia","tag-esnoticia","tag-hoyesnoticia","tag-hoyesnoticiaapp","tag-morena","tag-olga-lucia-romero-garci-crespo","tag-pepe-chedraui-budib"],"_links":{"self":[{"href":"https:\/\/sintesis.com.mx\/puebla\/wp-json\/wp\/v2\/posts\/442957"}],"collection":[{"href":"https:\/\/sintesis.com.mx\/puebla\/wp-json\/wp\/v2\/posts"}],"about":[{"href":"https:\/\/sintesis.com.mx\/puebla\/wp-json\/wp\/v2\/types\/post"}],"author":[{"embeddable":true,"href":"https:\/\/sintesis.com.mx\/puebla\/wp-json\/wp\/v2\/users\/9"}],"replies":[{"embeddable":true,"href":"https:\/\/sintesis.com.mx\/puebla\/wp-json\/wp\/v2\/comments?post=442957"}],"version-history":[{"count":3,"href":"https:\/\/sintesis.com.mx\/puebla\/wp-json\/wp\/v2\/posts\/442957\/revisions"}],"predecessor-version":[{"id":442993,"href":"https:\/\/sintesis.com.mx\/puebla\/wp-json\/wp\/v2\/posts\/442957\/revisions\/442993"}],"wp:featuredmedia":[{"embeddable":true,"href":"https:\/\/sintesis.com.mx\/puebla\/wp-json\/wp\/v2\/media\/437440"}],"wp:attachment":[{"href":"https:\/\/sintesis.com.mx\/puebla\/wp-json\/wp\/v2\/media?parent=442957"}],"wp:term":[{"taxonomy":"category","embeddable":true,"href":"https:\/\/sintesis.com.mx\/puebla\/wp-json\/wp\/v2\/categories?post=442957"},{"taxonomy":"post_tag","embeddable":true,"href":"https:\/\/sintesis.com.mx\/puebla\/wp-json\/wp\/v2\/tags?post=442957"},{"taxonomy":"yst_prominent_words","embeddable":true,"href":"https:\/\/sintesis.com.mx\/puebla\/wp-json\/wp\/v2\/yst_prominent_words?post=442957"}],"curies":[{"name":"wp","href":"https:\/\/api.w.org\/{rel}","templated":true}]}}