{"id":443481,"date":"2025-01-31T13:55:27","date_gmt":"2025-01-31T19:55:27","guid":{"rendered":"https:\/\/sintesis.com.mx\/puebla\/?p=443481"},"modified":"2025-01-31T14:04:32","modified_gmt":"2025-01-31T20:04:32","slug":"puebla-tlaxcala-convenio","status":"publish","type":"post","link":"https:\/\/sintesis.com.mx\/puebla\/2025\/01\/31\/puebla-tlaxcala-convenio\/","title":{"rendered":"Puebla y Tlaxcala cierran filas con convenio marco de colaboraci\u00f3n"},"content":{"rendered":"<p>Sin mezquindades ni protagonismos, los gobiernos de <strong>Puebla y Tlaxcala<\/strong> cierran filas para trabajar en materia de seguridad y bienestar social, as\u00ed lo remarc\u00f3 el ejecutivo poblano, Alejandro Armenta Mier.<\/p>\n<p>En el Centro de Convenciones del vecino estado, ambas autoridades firmaron el convenio marco de coordinaci\u00f3n y colaboraci\u00f3n para el desarrollo de \u00e1reas y temas comunes entre ambas entidades.<\/p>\n<p>Al hacer uso de la palabra, la Gobernadora de Tlaxcala, Lorena Cu\u00e9llar Cisneros revel\u00f3 que en el mes de enero de este 2025, no se ha registrado ni un solo homicido, al tiempo de informar que llevan 160 operativos con igual n\u00famero de detenidos en 45 d\u00edas.<\/p>\n<p><strong>Mencion\u00f3 que son la entidad con el menor \u00edndice delictivo en el pa\u00eds, hecho que se pudo concretar con el apoyo del gobierno federal<\/strong>.<\/p>\n<p>En tanto, Alejandro Armenta dijo que aquellos n\u00fameros reflejan que son un modelo de \u00e9xito que deben seguir, principalmente por el apoyo interinstitucional, por lo que seguir\u00e1n colaborando y cerrando filas con todos los estados vecinos como lo es Tlaxcala.<\/p>\n<p>\u201cNo hay mezquindad entre nosotros, no hay protagonismos. Si desde Puebla debemos atender un trabajador de Tlaxcala le vamos a dar un servicio, y si un trabajador de Tlaxcala va a Puebla, la gobernadora le da la atenci\u00f3n\u201d.<\/p>\n<p><strong>Finalmente sobre el convenio, abund\u00f3 que se trabajar\u00e1 en materia de salud, educaci\u00f3n, vivienda y seguridad<\/strong>.<\/p>\n<p>\u201cSomos una federaci\u00f3n y los Estados y municipios somos parte de esa federaci\u00f3n\u201d.<\/p>\n","protected":false},"excerpt":{"rendered":"<p>Sin mezquindades ni protagonismos, los gobiernos de Puebla y Tlaxcala cierran filas para trabajar en materia de seguridad y bienestar social, as\u00ed lo remarc\u00f3 el ejecutivo poblano, Alejandro Armenta Mier. En el Centro de Convenciones del vecino estado, ambas autoridades firmaron el convenio marco de coordinaci\u00f3n y colaboraci\u00f3n para el desarrollo de \u00e1reas y temas [&hellip;]<\/p>\n","protected":false},"author":26,"featured_media":443483,"comment_status":"open","ping_status":"open","sticky":false,"template":"","format":"standard","meta":{"footnotes":""},"categories":[72262],"tags":[41,3298,18,23,8253,20668,40526,1224],"yst_prominent_words":[29991,48633,35116,30795,33273,30339,32829,33512,37537,67733,29565,31908,29562,29580,29665,35601],"class_list":["post-443481","post","type-post","status-publish","format-standard","has-post-thumbnail","hentry","category-gobierno","tag-es-noticia","tag-gobierno","tag-puebla","tag-slide","tag-slideapp","tag-slider","tag-sliderapp","tag-tlaxcala"],"_links":{"self":[{"href":"https:\/\/sintesis.com.mx\/puebla\/wp-json\/wp\/v2\/posts\/443481"}],"collection":[{"href":"https:\/\/sintesis.com.mx\/puebla\/wp-json\/wp\/v2\/posts"}],"about":[{"href":"https:\/\/sintesis.com.mx\/puebla\/wp-json\/wp\/v2\/types\/post"}],"author":[{"embeddable":true,"href":"https:\/\/sintesis.com.mx\/puebla\/wp-json\/wp\/v2\/users\/26"}],"replies":[{"embeddable":true,"href":"https:\/\/sintesis.com.mx\/puebla\/wp-json\/wp\/v2\/comments?post=443481"}],"version-history":[{"count":1,"href":"https:\/\/sintesis.com.mx\/puebla\/wp-json\/wp\/v2\/posts\/443481\/revisions"}],"predecessor-version":[{"id":443484,"href":"https:\/\/sintesis.com.mx\/puebla\/wp-json\/wp\/v2\/posts\/443481\/revisions\/443484"}],"wp:featuredmedia":[{"embeddable":true,"href":"https:\/\/sintesis.com.mx\/puebla\/wp-json\/wp\/v2\/media\/443483"}],"wp:attachment":[{"href":"https:\/\/sintesis.com.mx\/puebla\/wp-json\/wp\/v2\/media?parent=443481"}],"wp:term":[{"taxonomy":"category","embeddable":true,"href":"https:\/\/sintesis.com.mx\/puebla\/wp-json\/wp\/v2\/categories?post=443481"},{"taxonomy":"post_tag","embeddable":true,"href":"https:\/\/sintesis.com.mx\/puebla\/wp-json\/wp\/v2\/tags?post=443481"},{"taxonomy":"yst_prominent_words","embeddable":true,"href":"https:\/\/sintesis.com.mx\/puebla\/wp-json\/wp\/v2\/yst_prominent_words?post=443481"}],"curies":[{"name":"wp","href":"https:\/\/api.w.org\/{rel}","templated":true}]}}