{"id":444293,"date":"2025-02-06T16:17:37","date_gmt":"2025-02-06T22:17:37","guid":{"rendered":"https:\/\/sintesis.com.mx\/puebla\/?p=444293"},"modified":"2025-02-06T16:17:37","modified_gmt":"2025-02-06T22:17:37","slug":"gobierno-jornadas-imparables","status":"publish","type":"post","link":"https:\/\/sintesis.com.mx\/puebla\/2025\/02\/06\/gobierno-jornadas-imparables\/","title":{"rendered":"Gobierno de la Ciudad abre m\u00f3dulo para migrantes en Jornadas Imparables"},"content":{"rendered":"<p>Atender a las y los poblanos de manera cercana y directa para fortalecer el tejido social es la indicaci\u00f3n del presidente municipal, Pepe Chedraui Budib, a trav\u00e9s de las Jornadas Imparables. En esta ocasi\u00f3n, las jornadas se llevaron a cabo en el Parque Biblioteca \u201cGilberto Bosques Sald\u00edvar\u201d, donde se anunci\u00f3 la instalaci\u00f3n de un m\u00f3dulo permanente de atenci\u00f3n a personas migrantes en retorno, en colaboraci\u00f3n con el Instituto Poblano del Migrante.<\/p>\n<p>Solo en la zona aleda\u00f1a al Parque Biblioteca hay 16 colonias y siete unidades habitacionales, donde habitan m\u00e1s de 74 mil personas. Por ello, el alcalde de Puebla hizo un llamado a la ciudadan\u00eda para que se acerque a los servicios ofrecidos por las 18 dependencias que participan en las jornadas de manera mensual.<\/p>\n<p>Chedraui Budib inform\u00f3 que, este a\u00f1o, se planea realizar al menos 24 jornadas en todo el municipio de Puebla, sumando esfuerzos de diversas instancias para ofrecer una atenci\u00f3n integral a todas las necesidades de las y los poblanos.<\/p>\n<p>\u201cVan a ser 24 (jornadas) este a\u00f1o, para poder acercar perfectamente todos los servicios que da el municipio en diferentes \u00e1reas de Puebla. Qu\u00e9 cuenten con nosotros, qu\u00e9 sepan perfectamente bien que, bajo las instrucciones precisas de la doctora, Claudia Sheinbaum, y bajo el liderazgo del gobernador, Alejandro Armenta, vamos a trabajar los tres \u00f3rdenes de gobierno para que a Puebla capital le vaya bien\u201d, agreg\u00f3.<\/p>\n<p>Por su parte, el secretario de Bienestar y Participaci\u00f3n Ciudadana, Carlos G\u00f3mez Tepoz, reiter\u00f3 que la suma de las dependencias municipales en los distintos puntos forma parte de la estrategia integral del Gobierno de la Ciudad para reactivar espacios p\u00fablicos y garantizar el acceso a servicios municipales en zonas urbanas y juntas auxiliares de la capital.<\/p>\n<p>Cabe destacar que el Parque Biblioteca \u00abGilberto Bosques Sald\u00edvar\u00bb es un espacio dise\u00f1ado para fomentar la educaci\u00f3n, la cultura y el deporte, ofreciendo actividades como c\u00edrculos de lectura, clases de alfabetizaci\u00f3n, tango, danz\u00f3n, ballet, yoga, activaci\u00f3n f\u00edsica, f\u00fatbol y cine al aire libre.<\/p>\n<p>Se ofrecieron servicios de consulta m\u00e9dica, odontol\u00f3gica, fisioterapia y podolog\u00eda, actividades recreativas, culturales y deportivas. Adem\u00e1s de servicios gratuitos proporcionados por dependencias municipales, como el Instituto Municipal del Deporte; la Direcci\u00f3n de Prevenci\u00f3n del Delito de la Secretar\u00eda de Seguridad Ciudadana; la Secretar\u00eda para la Igualdad Sustantiva de G\u00e9nero; la Sindicatura Municipal; la Secretar\u00eda de Medio Ambiente; la Secretar\u00eda de Servicios P\u00fablicos; la Secretar\u00eda de Gesti\u00f3n y Desarrollo Urbano; la Secretar\u00eda de Gobernaci\u00f3n; la Secretar\u00eda de Movilidad e Infraestructura; el Organismo Operador del Servicio de Limpia y el Instituto Municipal de Arte y Cultura.<\/p>\n<p>Adem\u00e1s, se estableci\u00f3 un Centro de Cuidado Infantil para menores de cinco a\u00f1os, donde personal especializado brind\u00f3 atenci\u00f3n, mientras sus padres o tutores utilizaban los servicios disponibles.<\/p>\n<p>Con estas acciones, el Gobierno de la Ciudad reafirma su compromiso con el bienestar y la participaci\u00f3n ciudadana, acercando servicios esenciales a las familias poblanas. Este enfoque busca reducir rezagos y mejorar la calidad de vida tanto en la zona urbana como en las comunidades marginadas de la capital.<\/p>\n\r\n                <style type=\"text\/css\">\r\n                    \r\n                    #td_uid_1_69ee5fe08f025  .td-doubleSlider-2 .td-item1 {\r\n                        background: url(https:\/\/sintesis.com.mx\/puebla\/wp-content\/uploads\/2025\/02\/WhatsApp-Image-2025-02-06-at-3.45.52-PM-1-80x60.jpeg) 0 0 no-repeat;\r\n                    }\r\n                    #td_uid_1_69ee5fe08f025  .td-doubleSlider-2 .td-item2 {\r\n                        background: url(https:\/\/sintesis.com.mx\/puebla\/wp-content\/uploads\/2025\/02\/WhatsApp-Image-2025-02-06-at-3.45.52-PM-80x60.jpeg) 0 0 no-repeat;\r\n                    }\r\n                    #td_uid_1_69ee5fe08f025  .td-doubleSlider-2 .td-item3 {\r\n                        background: url(https:\/\/sintesis.com.mx\/puebla\/wp-content\/uploads\/2025\/02\/WhatsApp-Image-2025-02-06-at-3.45.51-PM-80x60.jpeg) 0 0 no-repeat;\r\n                    }\r\n                    #td_uid_1_69ee5fe08f025  .td-doubleSlider-2 .td-item4 {\r\n                        background: url(https:\/\/sintesis.com.mx\/puebla\/wp-content\/uploads\/2025\/02\/WhatsApp-Image-2025-02-06-at-3.45.50-PM-80x60.jpeg) 0 0 no-repeat;\r\n                    }\r\n                    #td_uid_1_69ee5fe08f025  .td-doubleSlider-2 .td-item5 {\r\n                        background: url(https:\/\/sintesis.com.mx\/puebla\/wp-content\/uploads\/2025\/02\/WhatsApp-Image-2025-02-06-at-3.45.49-PM-1-80x60.jpeg) 0 0 no-repeat;\r\n                    }\r\n                    #td_uid_1_69ee5fe08f025  .td-doubleSlider-2 .td-item6 {\r\n                        background: url(https:\/\/sintesis.com.mx\/puebla\/wp-content\/uploads\/2025\/02\/WhatsApp-Image-2025-02-06-at-3.45.49-PM-80x60.jpeg) 0 0 no-repeat;\r\n                    }\r\n                    #td_uid_1_69ee5fe08f025  .td-doubleSlider-2 .td-item7 {\r\n                        background: url(https:\/\/sintesis.com.mx\/puebla\/wp-content\/uploads\/2025\/02\/WhatsApp-Image-2025-02-06-at-3.45.48-PM-1-80x60.jpeg) 0 0 no-repeat;\r\n                    }\r\n                    #td_uid_1_69ee5fe08f025  .td-doubleSlider-2 .td-item8 {\r\n                        background: url(https:\/\/sintesis.com.mx\/puebla\/wp-content\/uploads\/2025\/02\/WhatsApp-Image-2025-02-06-at-3.45.48-PM-80x60.jpeg) 0 0 no-repeat;\r\n                    }\r\n                <\/style>\r\n\r\n                <div id=\"td_uid_1_69ee5fe08f025\" class=\"td-slide-on-2-columns\">\r\n                    <div class=\"post_td_gallery\">\r\n                        <div class=\"td-gallery-slide-top\">\r\n                           <div class=\"td-gallery-title\"><\/div>\r\n\r\n                            <div class=\"td-gallery-controls-wrapper\">\r\n                                <div class=\"td-gallery-slide-count\"><span class=\"td-gallery-slide-item-focus\">1<\/span> of 8<\/div>\r\n                                <div class=\"td-gallery-slide-prev-next-but\">\r\n                                    <i class = \"td-icon-left doubleSliderPrevButton\"><\/i>\r\n                                    <i class = \"td-icon-right doubleSliderNextButton\"><\/i>\r\n                                <\/div>\r\n                            <\/div>\r\n                        <\/div>\r\n\r\n                        <div class = \"td-doubleSlider-1 \">\r\n                            <div class = \"td-slider\">\r\n                                \r\n                    <div class = \"td-slide-item td-item1\">\r\n                        <figure class=\"td-slide-galery-figure td-slide-popup-gallery\">\r\n                            <a class=\"slide-gallery-image-link\" href=\"https:\/\/sintesis.com.mx\/puebla\/wp-content\/uploads\/2025\/02\/WhatsApp-Image-2025-02-06-at-3.45.52-PM-1.jpeg\" title=\"WhatsApp Image 2025-02-06 at 3.45.52 PM (1)\"  data-caption=\"\"  data-description=\"\">\r\n                                <img decoding=\"async\" src=\"https:\/\/sintesis.com.mx\/puebla\/wp-content\/uploads\/2025\/02\/WhatsApp-Image-2025-02-06-at-3.45.52-PM-1-630x420.jpeg\" srcset=\"https:\/\/sintesis.com.mx\/puebla\/wp-content\/uploads\/2025\/02\/WhatsApp-Image-2025-02-06-at-3.45.52-PM-1-630x420.jpeg 630w, https:\/\/sintesis.com.mx\/puebla\/wp-content\/uploads\/2025\/02\/WhatsApp-Image-2025-02-06-at-3.45.52-PM-1-300x200.jpeg 300w, https:\/\/sintesis.com.mx\/puebla\/wp-content\/uploads\/2025\/02\/WhatsApp-Image-2025-02-06-at-3.45.52-PM-1-1024x682.jpeg 1024w, https:\/\/sintesis.com.mx\/puebla\/wp-content\/uploads\/2025\/02\/WhatsApp-Image-2025-02-06-at-3.45.52-PM-1-768x512.jpeg 768w, https:\/\/sintesis.com.mx\/puebla\/wp-content\/uploads\/2025\/02\/WhatsApp-Image-2025-02-06-at-3.45.52-PM-1-1536x1024.jpeg 1536w, https:\/\/sintesis.com.mx\/puebla\/wp-content\/uploads\/2025\/02\/WhatsApp-Image-2025-02-06-at-3.45.52-PM-1-2048x1365.jpeg 2048w, https:\/\/sintesis.com.mx\/puebla\/wp-content\/uploads\/2025\/02\/WhatsApp-Image-2025-02-06-at-3.45.52-PM-1-696x464.jpeg 696w, https:\/\/sintesis.com.mx\/puebla\/wp-content\/uploads\/2025\/02\/WhatsApp-Image-2025-02-06-at-3.45.52-PM-1-1068x712.jpeg 1068w\" sizes=\"(max-width: 630px) 100vw, 630px\" alt=\"\">\r\n                            <\/a>\r\n                            \r\n                        <\/figure>\r\n                    <\/div>\r\n                    <div class = \"td-slide-item td-item2\">\r\n                        <figure class=\"td-slide-galery-figure td-slide-popup-gallery\">\r\n                            <a class=\"slide-gallery-image-link\" href=\"https:\/\/sintesis.com.mx\/puebla\/wp-content\/uploads\/2025\/02\/WhatsApp-Image-2025-02-06-at-3.45.52-PM.jpeg\" title=\"WhatsApp Image 2025-02-06 at 3.45.52 PM\"  data-caption=\"\"  data-description=\"\">\r\n                                <img decoding=\"async\" src=\"https:\/\/sintesis.com.mx\/puebla\/wp-content\/uploads\/2025\/02\/WhatsApp-Image-2025-02-06-at-3.45.52-PM-630x420.jpeg\" srcset=\"https:\/\/sintesis.com.mx\/puebla\/wp-content\/uploads\/2025\/02\/WhatsApp-Image-2025-02-06-at-3.45.52-PM-630x420.jpeg 630w, https:\/\/sintesis.com.mx\/puebla\/wp-content\/uploads\/2025\/02\/WhatsApp-Image-2025-02-06-at-3.45.52-PM-300x200.jpeg 300w, https:\/\/sintesis.com.mx\/puebla\/wp-content\/uploads\/2025\/02\/WhatsApp-Image-2025-02-06-at-3.45.52-PM-1024x682.jpeg 1024w, https:\/\/sintesis.com.mx\/puebla\/wp-content\/uploads\/2025\/02\/WhatsApp-Image-2025-02-06-at-3.45.52-PM-768x512.jpeg 768w, https:\/\/sintesis.com.mx\/puebla\/wp-content\/uploads\/2025\/02\/WhatsApp-Image-2025-02-06-at-3.45.52-PM-1536x1024.jpeg 1536w, https:\/\/sintesis.com.mx\/puebla\/wp-content\/uploads\/2025\/02\/WhatsApp-Image-2025-02-06-at-3.45.52-PM-2048x1365.jpeg 2048w, https:\/\/sintesis.com.mx\/puebla\/wp-content\/uploads\/2025\/02\/WhatsApp-Image-2025-02-06-at-3.45.52-PM-696x464.jpeg 696w, https:\/\/sintesis.com.mx\/puebla\/wp-content\/uploads\/2025\/02\/WhatsApp-Image-2025-02-06-at-3.45.52-PM-1068x712.jpeg 1068w\" sizes=\"(max-width: 630px) 100vw, 630px\" alt=\"\">\r\n                            <\/a>\r\n                            \r\n                        <\/figure>\r\n                    <\/div>\r\n                    <div class = \"td-slide-item td-item3\">\r\n                        <figure class=\"td-slide-galery-figure td-slide-popup-gallery\">\r\n                            <a class=\"slide-gallery-image-link\" href=\"https:\/\/sintesis.com.mx\/puebla\/wp-content\/uploads\/2025\/02\/WhatsApp-Image-2025-02-06-at-3.45.51-PM.jpeg\" title=\"WhatsApp Image 2025-02-06 at 3.45.51 PM\"  data-caption=\"\"  data-description=\"\">\r\n                                <img decoding=\"async\" src=\"https:\/\/sintesis.com.mx\/puebla\/wp-content\/uploads\/2025\/02\/WhatsApp-Image-2025-02-06-at-3.45.51-PM-630x420.jpeg\" srcset=\"https:\/\/sintesis.com.mx\/puebla\/wp-content\/uploads\/2025\/02\/WhatsApp-Image-2025-02-06-at-3.45.51-PM-630x420.jpeg 630w, https:\/\/sintesis.com.mx\/puebla\/wp-content\/uploads\/2025\/02\/WhatsApp-Image-2025-02-06-at-3.45.51-PM-300x200.jpeg 300w, https:\/\/sintesis.com.mx\/puebla\/wp-content\/uploads\/2025\/02\/WhatsApp-Image-2025-02-06-at-3.45.51-PM-1024x682.jpeg 1024w, https:\/\/sintesis.com.mx\/puebla\/wp-content\/uploads\/2025\/02\/WhatsApp-Image-2025-02-06-at-3.45.51-PM-768x512.jpeg 768w, https:\/\/sintesis.com.mx\/puebla\/wp-content\/uploads\/2025\/02\/WhatsApp-Image-2025-02-06-at-3.45.51-PM-1536x1024.jpeg 1536w, https:\/\/sintesis.com.mx\/puebla\/wp-content\/uploads\/2025\/02\/WhatsApp-Image-2025-02-06-at-3.45.51-PM-2048x1365.jpeg 2048w, https:\/\/sintesis.com.mx\/puebla\/wp-content\/uploads\/2025\/02\/WhatsApp-Image-2025-02-06-at-3.45.51-PM-696x464.jpeg 696w, https:\/\/sintesis.com.mx\/puebla\/wp-content\/uploads\/2025\/02\/WhatsApp-Image-2025-02-06-at-3.45.51-PM-1068x712.jpeg 1068w\" sizes=\"(max-width: 630px) 100vw, 630px\" alt=\"\">\r\n                            <\/a>\r\n                            \r\n                        <\/figure>\r\n                    <\/div>\r\n                    <div class = \"td-slide-item td-item4\">\r\n                        <figure class=\"td-slide-galery-figure td-slide-popup-gallery\">\r\n                            <a class=\"slide-gallery-image-link\" href=\"https:\/\/sintesis.com.mx\/puebla\/wp-content\/uploads\/2025\/02\/WhatsApp-Image-2025-02-06-at-3.45.50-PM.jpeg\" title=\"WhatsApp Image 2025-02-06 at 3.45.50 PM\"  data-caption=\"\"  data-description=\"\">\r\n                                <img decoding=\"async\" src=\"https:\/\/sintesis.com.mx\/puebla\/wp-content\/uploads\/2025\/02\/WhatsApp-Image-2025-02-06-at-3.45.50-PM-630x420.jpeg\" srcset=\"https:\/\/sintesis.com.mx\/puebla\/wp-content\/uploads\/2025\/02\/WhatsApp-Image-2025-02-06-at-3.45.50-PM-630x420.jpeg 630w, https:\/\/sintesis.com.mx\/puebla\/wp-content\/uploads\/2025\/02\/WhatsApp-Image-2025-02-06-at-3.45.50-PM-300x200.jpeg 300w, https:\/\/sintesis.com.mx\/puebla\/wp-content\/uploads\/2025\/02\/WhatsApp-Image-2025-02-06-at-3.45.50-PM-1024x682.jpeg 1024w, https:\/\/sintesis.com.mx\/puebla\/wp-content\/uploads\/2025\/02\/WhatsApp-Image-2025-02-06-at-3.45.50-PM-768x512.jpeg 768w, https:\/\/sintesis.com.mx\/puebla\/wp-content\/uploads\/2025\/02\/WhatsApp-Image-2025-02-06-at-3.45.50-PM-1536x1024.jpeg 1536w, https:\/\/sintesis.com.mx\/puebla\/wp-content\/uploads\/2025\/02\/WhatsApp-Image-2025-02-06-at-3.45.50-PM-2048x1365.jpeg 2048w, https:\/\/sintesis.com.mx\/puebla\/wp-content\/uploads\/2025\/02\/WhatsApp-Image-2025-02-06-at-3.45.50-PM-696x464.jpeg 696w, https:\/\/sintesis.com.mx\/puebla\/wp-content\/uploads\/2025\/02\/WhatsApp-Image-2025-02-06-at-3.45.50-PM-1068x712.jpeg 1068w\" sizes=\"(max-width: 630px) 100vw, 630px\" alt=\"\">\r\n                            <\/a>\r\n                            \r\n                        <\/figure>\r\n                    <\/div>\r\n                    <div class = \"td-slide-item td-item5\">\r\n                        <figure class=\"td-slide-galery-figure td-slide-popup-gallery\">\r\n                            <a class=\"slide-gallery-image-link\" href=\"https:\/\/sintesis.com.mx\/puebla\/wp-content\/uploads\/2025\/02\/WhatsApp-Image-2025-02-06-at-3.45.49-PM-1.jpeg\" title=\"WhatsApp Image 2025-02-06 at 3.45.49 PM (1)\"  data-caption=\"\"  data-description=\"\">\r\n                                <img decoding=\"async\" src=\"https:\/\/sintesis.com.mx\/puebla\/wp-content\/uploads\/2025\/02\/WhatsApp-Image-2025-02-06-at-3.45.49-PM-1-630x420.jpeg\" srcset=\"https:\/\/sintesis.com.mx\/puebla\/wp-content\/uploads\/2025\/02\/WhatsApp-Image-2025-02-06-at-3.45.49-PM-1-630x420.jpeg 630w, https:\/\/sintesis.com.mx\/puebla\/wp-content\/uploads\/2025\/02\/WhatsApp-Image-2025-02-06-at-3.45.49-PM-1-300x200.jpeg 300w, https:\/\/sintesis.com.mx\/puebla\/wp-content\/uploads\/2025\/02\/WhatsApp-Image-2025-02-06-at-3.45.49-PM-1-1024x682.jpeg 1024w, https:\/\/sintesis.com.mx\/puebla\/wp-content\/uploads\/2025\/02\/WhatsApp-Image-2025-02-06-at-3.45.49-PM-1-768x512.jpeg 768w, https:\/\/sintesis.com.mx\/puebla\/wp-content\/uploads\/2025\/02\/WhatsApp-Image-2025-02-06-at-3.45.49-PM-1-1536x1024.jpeg 1536w, https:\/\/sintesis.com.mx\/puebla\/wp-content\/uploads\/2025\/02\/WhatsApp-Image-2025-02-06-at-3.45.49-PM-1-2048x1365.jpeg 2048w, https:\/\/sintesis.com.mx\/puebla\/wp-content\/uploads\/2025\/02\/WhatsApp-Image-2025-02-06-at-3.45.49-PM-1-696x464.jpeg 696w, https:\/\/sintesis.com.mx\/puebla\/wp-content\/uploads\/2025\/02\/WhatsApp-Image-2025-02-06-at-3.45.49-PM-1-1068x712.jpeg 1068w\" sizes=\"(max-width: 630px) 100vw, 630px\" alt=\"\">\r\n                            <\/a>\r\n                            \r\n                        <\/figure>\r\n                    <\/div>\r\n                    <div class = \"td-slide-item td-item6\">\r\n                        <figure class=\"td-slide-galery-figure td-slide-popup-gallery\">\r\n                            <a class=\"slide-gallery-image-link\" href=\"https:\/\/sintesis.com.mx\/puebla\/wp-content\/uploads\/2025\/02\/WhatsApp-Image-2025-02-06-at-3.45.49-PM.jpeg\" title=\"WhatsApp Image 2025-02-06 at 3.45.49 PM\"  data-caption=\"\"  data-description=\"\">\r\n                                <img decoding=\"async\" src=\"https:\/\/sintesis.com.mx\/puebla\/wp-content\/uploads\/2025\/02\/WhatsApp-Image-2025-02-06-at-3.45.49-PM-630x420.jpeg\" srcset=\"https:\/\/sintesis.com.mx\/puebla\/wp-content\/uploads\/2025\/02\/WhatsApp-Image-2025-02-06-at-3.45.49-PM-630x420.jpeg 630w, https:\/\/sintesis.com.mx\/puebla\/wp-content\/uploads\/2025\/02\/WhatsApp-Image-2025-02-06-at-3.45.49-PM-300x200.jpeg 300w, https:\/\/sintesis.com.mx\/puebla\/wp-content\/uploads\/2025\/02\/WhatsApp-Image-2025-02-06-at-3.45.49-PM-1024x682.jpeg 1024w, https:\/\/sintesis.com.mx\/puebla\/wp-content\/uploads\/2025\/02\/WhatsApp-Image-2025-02-06-at-3.45.49-PM-768x512.jpeg 768w, https:\/\/sintesis.com.mx\/puebla\/wp-content\/uploads\/2025\/02\/WhatsApp-Image-2025-02-06-at-3.45.49-PM-1536x1024.jpeg 1536w, https:\/\/sintesis.com.mx\/puebla\/wp-content\/uploads\/2025\/02\/WhatsApp-Image-2025-02-06-at-3.45.49-PM-2048x1365.jpeg 2048w, https:\/\/sintesis.com.mx\/puebla\/wp-content\/uploads\/2025\/02\/WhatsApp-Image-2025-02-06-at-3.45.49-PM-696x464.jpeg 696w, https:\/\/sintesis.com.mx\/puebla\/wp-content\/uploads\/2025\/02\/WhatsApp-Image-2025-02-06-at-3.45.49-PM-1068x712.jpeg 1068w\" sizes=\"(max-width: 630px) 100vw, 630px\" alt=\"\">\r\n                            <\/a>\r\n                            \r\n                        <\/figure>\r\n                    <\/div>\r\n                    <div class = \"td-slide-item td-item7\">\r\n                        <figure class=\"td-slide-galery-figure td-slide-popup-gallery\">\r\n                            <a class=\"slide-gallery-image-link\" href=\"https:\/\/sintesis.com.mx\/puebla\/wp-content\/uploads\/2025\/02\/WhatsApp-Image-2025-02-06-at-3.45.48-PM-1.jpeg\" title=\"WhatsApp Image 2025-02-06 at 3.45.48 PM (1)\"  data-caption=\"\"  data-description=\"\">\r\n                                <img decoding=\"async\" src=\"https:\/\/sintesis.com.mx\/puebla\/wp-content\/uploads\/2025\/02\/WhatsApp-Image-2025-02-06-at-3.45.48-PM-1-630x420.jpeg\" srcset=\"https:\/\/sintesis.com.mx\/puebla\/wp-content\/uploads\/2025\/02\/WhatsApp-Image-2025-02-06-at-3.45.48-PM-1-630x420.jpeg 630w, https:\/\/sintesis.com.mx\/puebla\/wp-content\/uploads\/2025\/02\/WhatsApp-Image-2025-02-06-at-3.45.48-PM-1-300x200.jpeg 300w, https:\/\/sintesis.com.mx\/puebla\/wp-content\/uploads\/2025\/02\/WhatsApp-Image-2025-02-06-at-3.45.48-PM-1-1024x682.jpeg 1024w, https:\/\/sintesis.com.mx\/puebla\/wp-content\/uploads\/2025\/02\/WhatsApp-Image-2025-02-06-at-3.45.48-PM-1-768x512.jpeg 768w, https:\/\/sintesis.com.mx\/puebla\/wp-content\/uploads\/2025\/02\/WhatsApp-Image-2025-02-06-at-3.45.48-PM-1-1536x1024.jpeg 1536w, https:\/\/sintesis.com.mx\/puebla\/wp-content\/uploads\/2025\/02\/WhatsApp-Image-2025-02-06-at-3.45.48-PM-1-2048x1365.jpeg 2048w, https:\/\/sintesis.com.mx\/puebla\/wp-content\/uploads\/2025\/02\/WhatsApp-Image-2025-02-06-at-3.45.48-PM-1-696x464.jpeg 696w, https:\/\/sintesis.com.mx\/puebla\/wp-content\/uploads\/2025\/02\/WhatsApp-Image-2025-02-06-at-3.45.48-PM-1-1068x712.jpeg 1068w\" sizes=\"(max-width: 630px) 100vw, 630px\" alt=\"\">\r\n                            <\/a>\r\n                            \r\n                        <\/figure>\r\n                    <\/div>\r\n                    <div class = \"td-slide-item td-item8\">\r\n                        <figure class=\"td-slide-galery-figure td-slide-popup-gallery\">\r\n                            <a class=\"slide-gallery-image-link\" href=\"https:\/\/sintesis.com.mx\/puebla\/wp-content\/uploads\/2025\/02\/WhatsApp-Image-2025-02-06-at-3.45.48-PM.jpeg\" title=\"WhatsApp Image 2025-02-06 at 3.45.48 PM\"  data-caption=\"\"  data-description=\"\">\r\n                                <img decoding=\"async\" src=\"https:\/\/sintesis.com.mx\/puebla\/wp-content\/uploads\/2025\/02\/WhatsApp-Image-2025-02-06-at-3.45.48-PM-630x420.jpeg\" srcset=\"https:\/\/sintesis.com.mx\/puebla\/wp-content\/uploads\/2025\/02\/WhatsApp-Image-2025-02-06-at-3.45.48-PM-630x420.jpeg 630w, https:\/\/sintesis.com.mx\/puebla\/wp-content\/uploads\/2025\/02\/WhatsApp-Image-2025-02-06-at-3.45.48-PM-300x200.jpeg 300w, https:\/\/sintesis.com.mx\/puebla\/wp-content\/uploads\/2025\/02\/WhatsApp-Image-2025-02-06-at-3.45.48-PM-1024x682.jpeg 1024w, https:\/\/sintesis.com.mx\/puebla\/wp-content\/uploads\/2025\/02\/WhatsApp-Image-2025-02-06-at-3.45.48-PM-768x512.jpeg 768w, https:\/\/sintesis.com.mx\/puebla\/wp-content\/uploads\/2025\/02\/WhatsApp-Image-2025-02-06-at-3.45.48-PM-1536x1024.jpeg 1536w, https:\/\/sintesis.com.mx\/puebla\/wp-content\/uploads\/2025\/02\/WhatsApp-Image-2025-02-06-at-3.45.48-PM-2048x1365.jpeg 2048w, https:\/\/sintesis.com.mx\/puebla\/wp-content\/uploads\/2025\/02\/WhatsApp-Image-2025-02-06-at-3.45.48-PM-696x464.jpeg 696w, https:\/\/sintesis.com.mx\/puebla\/wp-content\/uploads\/2025\/02\/WhatsApp-Image-2025-02-06-at-3.45.48-PM-1068x712.jpeg 1068w\" sizes=\"(max-width: 630px) 100vw, 630px\" alt=\"\">\r\n                            <\/a>\r\n                            \r\n                        <\/figure>\r\n                    <\/div>\r\n                            <\/div>\r\n                        <\/div>\r\n\r\n                        <div class = \"td-doubleSlider-2\">\r\n                            <div class = \"td-slider\">\r\n                                \r\n                    <div class = \"td-button td-item1\">\r\n                        <div class = \"td-border\"><\/div>\r\n                    <\/div>\r\n                    <div class = \"td-button td-item2\">\r\n                        <div class = \"td-border\"><\/div>\r\n                    <\/div>\r\n                    <div class = \"td-button td-item3\">\r\n                        <div class = \"td-border\"><\/div>\r\n                    <\/div>\r\n                    <div class = \"td-button td-item4\">\r\n                        <div class = \"td-border\"><\/div>\r\n                    <\/div>\r\n                    <div class = \"td-button td-item5\">\r\n                        <div class = \"td-border\"><\/div>\r\n                    <\/div>\r\n                    <div class = \"td-button td-item6\">\r\n                        <div class = \"td-border\"><\/div>\r\n                    <\/div>\r\n                    <div class = \"td-button td-item7\">\r\n                        <div class = \"td-border\"><\/div>\r\n                    <\/div>\r\n                    <div class = \"td-button td-item8\">\r\n                        <div class = \"td-border\"><\/div>\r\n                    <\/div>\r\n                            <\/div>\r\n                        <\/div>\r\n\r\n                    <\/div>\r\n\r\n                <\/div>\r\n                \n","protected":false},"excerpt":{"rendered":"<p>Atender a las y los poblanos de manera cercana y directa para fortalecer el tejido social es la indicaci\u00f3n del presidente municipal, Pepe Chedraui Budib, a trav\u00e9s de las Jornadas Imparables. En esta ocasi\u00f3n, las jornadas se llevaron a cabo en el Parque Biblioteca \u201cGilberto Bosques Sald\u00edvar\u201d, donde se anunci\u00f3 la instalaci\u00f3n de un m\u00f3dulo [&hellip;]<\/p>\n","protected":false},"author":26,"featured_media":444299,"comment_status":"open","ping_status":"open","sticky":false,"template":"","format":"standard","meta":{"footnotes":""},"categories":[83121,86888,72263],"tags":[995,19670,48793,88985,18,23,8253,20668,40526],"yst_prominent_words":[37706,36215,38814,42597,45473,29816,40469,29660,30155],"class_list":["post-444293","post","type-post","status-publish","format-standard","has-post-thumbnail","hentry","category-ayuntamiento","category-ayuntamiento-de-puebla","category-capital","tag-ayuntamiento-de-puebla","tag-capital","tag-gobierno-de-la-ciudad","tag-pepe-chedraui-budib","tag-puebla","tag-slide","tag-slideapp","tag-slider","tag-sliderapp"],"_links":{"self":[{"href":"https:\/\/sintesis.com.mx\/puebla\/wp-json\/wp\/v2\/posts\/444293"}],"collection":[{"href":"https:\/\/sintesis.com.mx\/puebla\/wp-json\/wp\/v2\/posts"}],"about":[{"href":"https:\/\/sintesis.com.mx\/puebla\/wp-json\/wp\/v2\/types\/post"}],"author":[{"embeddable":true,"href":"https:\/\/sintesis.com.mx\/puebla\/wp-json\/wp\/v2\/users\/26"}],"replies":[{"embeddable":true,"href":"https:\/\/sintesis.com.mx\/puebla\/wp-json\/wp\/v2\/comments?post=444293"}],"version-history":[{"count":1,"href":"https:\/\/sintesis.com.mx\/puebla\/wp-json\/wp\/v2\/posts\/444293\/revisions"}],"predecessor-version":[{"id":444303,"href":"https:\/\/sintesis.com.mx\/puebla\/wp-json\/wp\/v2\/posts\/444293\/revisions\/444303"}],"wp:featuredmedia":[{"embeddable":true,"href":"https:\/\/sintesis.com.mx\/puebla\/wp-json\/wp\/v2\/media\/444299"}],"wp:attachment":[{"href":"https:\/\/sintesis.com.mx\/puebla\/wp-json\/wp\/v2\/media?parent=444293"}],"wp:term":[{"taxonomy":"category","embeddable":true,"href":"https:\/\/sintesis.com.mx\/puebla\/wp-json\/wp\/v2\/categories?post=444293"},{"taxonomy":"post_tag","embeddable":true,"href":"https:\/\/sintesis.com.mx\/puebla\/wp-json\/wp\/v2\/tags?post=444293"},{"taxonomy":"yst_prominent_words","embeddable":true,"href":"https:\/\/sintesis.com.mx\/puebla\/wp-json\/wp\/v2\/yst_prominent_words?post=444293"}],"curies":[{"name":"wp","href":"https:\/\/api.w.org\/{rel}","templated":true}]}}