{"id":444307,"date":"2025-02-06T17:04:14","date_gmt":"2025-02-06T23:04:14","guid":{"rendered":"https:\/\/sintesis.com.mx\/puebla\/?p=444307"},"modified":"2025-02-06T17:04:31","modified_gmt":"2025-02-06T23:04:31","slug":"madre-joven-desaparecido","status":"publish","type":"post","link":"https:\/\/sintesis.com.mx\/puebla\/2025\/02\/06\/madre-joven-desaparecido\/","title":{"rendered":"Madre de joven desaparecido clama justicia"},"content":{"rendered":"<p><strong>Alicia Escobedo L\u00f3pez <\/strong>lleva m\u00e1s de dos meses buscando a su hijo, Guillermo Ra\u00fal L\u00f3pez Escobedo, sin respuestas.<strong> Este jueves, con el dolor reflejado en su rostro, se plant\u00f3 frente a la Fiscal\u00eda General del Estado de Puebla con una s\u00faplica<\/strong>: \u201cQue el detenido diga qu\u00e9 pas\u00f3, yo solo quiero encontrar a mi hijo, como sea que est\u00e9\u201d.<\/p>\n<p><strong>Guillermo, de 27 a\u00f1os, desapareci\u00f3 en diciembre de 2023<\/strong> tras acudir a la casa de un amigo en Amozoc para vender una laptop, pero nunca regres\u00f3. Desde entonces, su familia ha exigido avances en la investigaci\u00f3n, pero el caso sigue sin resolverse.<\/p>\n<p>Vestidas con playeras blancas estampadas con la foto de Guillermo y sujetando un casco de seguridad con la frase \u201cte estamos buscando, Ra\u00fal\u201d, su madre y su hermana, junto con un grupo de al menos 20 personas, llegaron este 6 de febrero al edificio central de la Fiscal\u00eda, ubicado sobre el bulevar 5 de Mayo y la avenida 31 Oriente.<\/p>\n<p><strong>La protesta no pas\u00f3 desapercibida.<\/strong><\/p>\n<p>Los manifestantes bloquearon el tr\u00e1fico en direcci\u00f3n a la 31 Oriente y 11 Sur, generando un embotellamiento que evidenci\u00f3 su desesperaci\u00f3n. Entre el caos vehicular, Alicia Escobedo no dud\u00f3 en se\u00f1alar que, a pesar del tiempo transcurrido, las investigaciones siguen sin arrojar avances.<\/p>\n<p>Aunque el principal sospechoso de la desaparici\u00f3n de Guillermo est\u00e1 detenido, se ha negado a dar informaci\u00f3n sobre su paradero, aun cuando colaborar podr\u00eda reducir su sentencia.<\/p>\n<p>Adem\u00e1s, Alicia denunci\u00f3 que, aunque el Ministerio P\u00fablico solicit\u00f3 \u00f3rdenes de aprehensi\u00f3n contra otras personas posiblemente involucradas, el juez las rechaz\u00f3, impidiendo que se ejecutaran. Sin embargo, asegur\u00f3 que insistir\u00e1n en su petici\u00f3n con la esperanza de que esta vez el proceso avance.<\/p>\n<p>Sosteniendo un cartel con la frase \u201cFamiliares del \u2018amigo\u2019 de mi hijo Guillermo Ra\u00fal, ay\u00fadenme a encontrarlo, se los pido desde el fondo de mi coraz\u00f3n\u201d, la madre del joven explic\u00f3 que su protesta ten\u00eda un objetivo claro: visibilizar el caso, exigir justicia y solicitar una audiencia con la nueva fiscal de Puebla, Idamis Pastor Betancourt. Conf\u00eda en que, si ella conoce de primera mano la situaci\u00f3n, tomar\u00e1 medidas urgentes para acelerar la investigaci\u00f3n y dar con el paradero de su hijo.<\/p>\n","protected":false},"excerpt":{"rendered":"<p>Alicia Escobedo L\u00f3pez lleva m\u00e1s de dos meses buscando a su hijo, Guillermo Ra\u00fal L\u00f3pez Escobedo, sin respuestas. Este jueves, con el dolor reflejado en su rostro, se plant\u00f3 frente a la Fiscal\u00eda General del Estado de Puebla con una s\u00faplica: \u201cQue el detenido diga qu\u00e9 pas\u00f3, yo solo quiero encontrar a mi hijo, como [&hellip;]<\/p>\n","protected":false},"author":168,"featured_media":444308,"comment_status":"open","ping_status":"open","sticky":false,"template":"","format":"standard","meta":{"footnotes":""},"categories":[88557,82762],"tags":[1797,41,65,5659,27,8254,18834],"yst_prominent_words":[39061,45529,42671,62642,37709,30015,31585,37862,30933,31628,36371,32019,33649,46813,29562,31336],"class_list":["post-444307","post","type-post","status-publish","format-standard","has-post-thumbnail","hentry","category-fge","category-seguridad","tag-desaparecido","tag-es-noticia","tag-esnoticia","tag-fiscalia","tag-hoyesnoticia","tag-hoyesnoticiaapp","tag-protesta"],"_links":{"self":[{"href":"https:\/\/sintesis.com.mx\/puebla\/wp-json\/wp\/v2\/posts\/444307"}],"collection":[{"href":"https:\/\/sintesis.com.mx\/puebla\/wp-json\/wp\/v2\/posts"}],"about":[{"href":"https:\/\/sintesis.com.mx\/puebla\/wp-json\/wp\/v2\/types\/post"}],"author":[{"embeddable":true,"href":"https:\/\/sintesis.com.mx\/puebla\/wp-json\/wp\/v2\/users\/168"}],"replies":[{"embeddable":true,"href":"https:\/\/sintesis.com.mx\/puebla\/wp-json\/wp\/v2\/comments?post=444307"}],"version-history":[{"count":4,"href":"https:\/\/sintesis.com.mx\/puebla\/wp-json\/wp\/v2\/posts\/444307\/revisions"}],"predecessor-version":[{"id":444319,"href":"https:\/\/sintesis.com.mx\/puebla\/wp-json\/wp\/v2\/posts\/444307\/revisions\/444319"}],"wp:featuredmedia":[{"embeddable":true,"href":"https:\/\/sintesis.com.mx\/puebla\/wp-json\/wp\/v2\/media\/444308"}],"wp:attachment":[{"href":"https:\/\/sintesis.com.mx\/puebla\/wp-json\/wp\/v2\/media?parent=444307"}],"wp:term":[{"taxonomy":"category","embeddable":true,"href":"https:\/\/sintesis.com.mx\/puebla\/wp-json\/wp\/v2\/categories?post=444307"},{"taxonomy":"post_tag","embeddable":true,"href":"https:\/\/sintesis.com.mx\/puebla\/wp-json\/wp\/v2\/tags?post=444307"},{"taxonomy":"yst_prominent_words","embeddable":true,"href":"https:\/\/sintesis.com.mx\/puebla\/wp-json\/wp\/v2\/yst_prominent_words?post=444307"}],"curies":[{"name":"wp","href":"https:\/\/api.w.org\/{rel}","templated":true}]}}